{"id":2340,"date":"2014-05-14T15:08:16","date_gmt":"2014-05-14T15:08:16","guid":{"rendered":"http:\/\/www.ecuadoraldia.com.ec\/?p=2340"},"modified":"2014-05-14T15:08:16","modified_gmt":"2014-05-14T15:08:16","slug":"un-colombiano-segundo-detenido-por-muerte-de-walker-vera","status":"publish","type":"post","link":"https:\/\/www.ecuadoraldia.com.ec\/?p=2340","title":{"rendered":"Un colombiano, segundo detenido por muerte de Walker Vera"},"content":{"rendered":"<figure id=\"attachment_2341\" aria-describedby=\"caption-attachment-2341\" style=\"width: 211px\" class=\"wp-caption alignleft\"><a href=\"http:\/\/www.ecuadoraldia.com.ec\/wp-content\/uploads\/2014\/05\/walker-vera.jpg\"><img loading=\"lazy\" decoding=\"async\" class=\"size-medium wp-image-2341\" alt=\"foto facebook\" src=\"http:\/\/www.ecuadoraldia.com.ec\/wp-content\/uploads\/2014\/05\/walker-vera-211x300.jpg\" width=\"211\" height=\"300\" srcset=\"https:\/\/www.ecuadoraldia.com.ec\/wp-content\/uploads\/2014\/05\/walker-vera-211x300.jpg 211w, https:\/\/www.ecuadoraldia.com.ec\/wp-content\/uploads\/2014\/05\/walker-vera.jpg 370w\" sizes=\"(max-width: 211px) 100vw, 211px\" \/><\/a><figcaption id=\"caption-attachment-2341\" class=\"wp-caption-text\">foto facebook<\/figcaption><\/figure>\n<p>Una segunda persona fue detenida por el asesinato del alcalde electo de Muisne, Walker Vera, quien hubiera asumido sus funciones desde ma\u00f1ana. Se trata de Rub\u00e9n Tancredo B. P., alias Carlos Pito.<\/p>\n<p>Es un colombiano de 35 a\u00f1os, que se entreg\u00f3 a las 20:00 de ayer a la Fiscal\u00eda de Esmeraldas.<\/p>\n<p>Seg\u00fan testigos, este hombre estar\u00eda, junto con el exalcalde de Muisne Pa\u00fal V\u00e9lez, implicado en la muerte de Vera.<\/p>\n<p>Seg\u00fan el Ministerio del Interior, en mensjaes escritos, Vera habr\u00eda indicado que alias Carlos Pito y V\u00e9lez planeaban un atentado en su contra.<\/p>\n<p>Adem\u00e1s, un compa\u00f1ero de campa\u00f1a de Vera declar\u00f3 que V\u00e9lez le hab\u00eda dicho, \u00abdile a tu jefe que lo voy a matar\u00bb, y que p\u00fablicamente habr\u00eda dicho que no va apermitir que Vera se posesione.<\/p>\n<p>Seg\u00fan sus declaraciones, el exalcalde estuvo en un taxi frente a la casa de Vera el d\u00eda del asesinato.<\/p>\n<p>Detenci\u00f3n de V\u00e9lez<\/p>\n<p>\u201cNo puedo estar preso, porque me matan\u201d. Ese fue el pedido del exalcalde de Muisne Pa\u00fal V\u00e9lez Colorado, luego de que la Jueza Segunda de lo Penal de Esmeraldas dispusiera prisi\u00f3n preventiva en su contra.<\/p>\n<p>A esta frase se suma lo expresado ante los medios de comunicaci\u00f3n al salir de la audiencia: \u201cNo tienen pruebas, est\u00e1n buscando alguien a quien acusar. Eso es lo \u00fanico que buscan\u201d, grit\u00f3 V\u00e9lez Colorado, quien hoy deber\u00e1 comparecer nuevamente ante el Juez Quinto de Atacames para responder por otro proceso.<\/p>\n<p>La orden de prisi\u00f3n se basa en el pedido del fiscal, Gorky Ortiz Ortiz, quien habr\u00eda encontrado elementos suficientes para su acusaci\u00f3n que lo relacionar\u00edan con el asesinato al alcalde electo de Muisne, W\u00e1lker Vera Guerrero. La instrucci\u00f3n fiscal durar\u00e1 90 d\u00edas.<\/p>\n<p>Custodia de la PJ<\/p>\n<p>A la audiencia, que se instal\u00f3 a las 15:35 de ayer, V\u00e9lez Colorado lleg\u00f3 custodiado por elementos de la Polic\u00eda Judicial (PJ) de Esmeraldas, al mando del jefe de esa unidad, Mario Cerda.<\/p>\n<p>Previo a la instalaci\u00f3n de la audiencia lleg\u00f3 el fiscal que lleva el caso y que orden\u00f3 la detenci\u00f3n del investigado, Gorky Ortiz Ortiz, y posteriormente lo hizo el fiscal distrital, Diego P\u00e9rez Gallo.<\/p>\n<p>Por su parte, expertos de la Polic\u00eda realizaron ayer las pericias en el carro que conduc\u00eda el ahora fallecido. Se conoci\u00f3 que dos sujetos habr\u00edan sido detenidos para fines investigativos.<\/p>\n<p>Verifican vinculaci\u00f3n<\/p>\n<p>Mientras, el jefe de la Direcci\u00f3n Nacional de Delitos Contra la Vida, Muertes Violentas, Desapariciones, Extorsi\u00f3n y Secuestros (Dinased), Carlos Alulema, dijo que est\u00e1 verificando si existe alg\u00fan tipo de participaci\u00f3n de V\u00e9lez Colorado en este hecho.<\/p>\n<p>\u201cSu nombre apareci\u00f3 dentro de las investigaciones preliminares y la Fiscal\u00eda consider\u00f3 que era necesaria su presencia\u201d, dijo refiri\u00f3 Alulema.<\/p>\n<p>Aclar\u00f3 que el fallecido no ten\u00eda asignado resguardo policial, puesto que contaba con seguridad privada. \u201cEra gente de confianza. Las investigaciones determinar\u00e1n si estaba resguardado o no\u201d, agreg\u00f3 la autoridad policial. (la hora)<\/p>\n<p>&nbsp;<\/p>\n","protected":false},"excerpt":{"rendered":"<p>Una segunda persona fue detenida por el asesinato del alcalde electo de Muisne, Walker Vera, quien hubiera asumido sus funciones<\/p>\n","protected":false},"author":1,"featured_media":0,"comment_status":"open","ping_status":"open","sticky":false,"template":"","format":"standard","meta":{"footnotes":""},"categories":[5],"tags":[],"_links":{"self":[{"href":"https:\/\/www.ecuadoraldia.com.ec\/index.php?rest_route=\/wp\/v2\/posts\/2340"}],"collection":[{"href":"https:\/\/www.ecuadoraldia.com.ec\/index.php?rest_route=\/wp\/v2\/posts"}],"about":[{"href":"https:\/\/www.ecuadoraldia.com.ec\/index.php?rest_route=\/wp\/v2\/types\/post"}],"author":[{"embeddable":true,"href":"https:\/\/www.ecuadoraldia.com.ec\/index.php?rest_route=\/wp\/v2\/users\/1"}],"replies":[{"embeddable":true,"href":"https:\/\/www.ecuadoraldia.com.ec\/index.php?rest_route=%2Fwp%2Fv2%2Fcomments&post=2340"}],"version-history":[{"count":1,"href":"https:\/\/www.ecuadoraldia.com.ec\/index.php?rest_route=\/wp\/v2\/posts\/2340\/revisions"}],"predecessor-version":[{"id":2342,"href":"https:\/\/www.ecuadoraldia.com.ec\/index.php?rest_route=\/wp\/v2\/posts\/2340\/revisions\/2342"}],"wp:attachment":[{"href":"https:\/\/www.ecuadoraldia.com.ec\/index.php?rest_route=%2Fwp%2Fv2%2Fmedia&parent=2340"}],"wp:term":[{"taxonomy":"category","embeddable":true,"href":"https:\/\/www.ecuadoraldia.com.ec\/index.php?rest_route=%2Fwp%2Fv2%2Fcategories&post=2340"},{"taxonomy":"post_tag","embeddable":true,"href":"https:\/\/www.ecuadoraldia.com.ec\/index.php?rest_route=%2Fwp%2Fv2%2Ftags&post=2340"}],"curies":[{"name":"wp","href":"https:\/\/api.w.org\/{rel}","templated":true}]}}