{"id":2346,"date":"2014-05-14T15:25:59","date_gmt":"2014-05-14T15:25:59","guid":{"rendered":"http:\/\/www.ecuadoraldia.com.ec\/?p=2346"},"modified":"2014-05-14T15:25:59","modified_gmt":"2014-05-14T15:25:59","slug":"mantenimiento-vial-en-quito-es-labor-permanente","status":"publish","type":"post","link":"https:\/\/www.ecuadoraldia.com.ec\/?p=2346","title":{"rendered":"Mantenimiento vial en Quito es labor permanente"},"content":{"rendered":"<figure id=\"attachment_2347\" aria-describedby=\"caption-attachment-2347\" style=\"width: 300px\" class=\"wp-caption alignleft\"><a href=\"http:\/\/www.ecuadoraldia.com.ec\/wp-content\/uploads\/2014\/05\/bacheo.jpg\"><img loading=\"lazy\" decoding=\"async\" class=\"size-medium wp-image-2347\" alt=\"Bacheo de calles continua\" src=\"http:\/\/www.ecuadoraldia.com.ec\/wp-content\/uploads\/2014\/05\/bacheo-300x214.jpg\" width=\"300\" height=\"214\" srcset=\"https:\/\/www.ecuadoraldia.com.ec\/wp-content\/uploads\/2014\/05\/bacheo-300x214.jpg 300w, https:\/\/www.ecuadoraldia.com.ec\/wp-content\/uploads\/2014\/05\/bacheo.jpg 384w\" sizes=\"(max-width: 300px) 100vw, 300px\" \/><\/a><figcaption id=\"caption-attachment-2347\" class=\"wp-caption-text\">Bacheo de calles continua<\/figcaption><\/figure>\n<p>V\u00edas de asfalto y adoquinado en aproximadamente 50 sectores del Distrito Metropolitano de Quito reciben actualmente mantenimiento, a cargo de la Empresa P\u00fablica Metropolitana de Movilidad y Obras P\u00fablicas (EPMMOP). La causa principal para la intervenci\u00f3n en calles y avenidas es la formaci\u00f3n de baches, debido a factores clim\u00e1ticos, fallas hidr\u00e1ulicas, quema de objetos sobre la calzada o porque en una zona de la v\u00eda, el asfalto no est\u00e1 homogenizado \u00f3ptimamente.<\/p>\n<p>Durante la \u00e9poca invernal, el mantenimiento vial se intensifica en toda la urbe. Las jornadas de trabajos son programadas con horarios en el d\u00eda y en la noche.<\/p>\n<p>Desde el lunes 12 de mayo, hasta el domingo 18 las v\u00edas intervenidas se localizan en los siguientes sectores: Conocoto, Alangas\u00ed, ciudadela AIMESA, Villaflora, La Magdalena, Ferroviaria Alta, La Forestal, Chaguarquingo, Chillogallo, Nueva Aurora, 23 de Mayo, El Beaterio Alto, La Ecuatoriana, El Inca, Miraflores, Belisario Quevedo, La Gasca, I\u00f1aquito, Rumi\u00f1ahui, El Ed\u00e9n, San Isidro, La Campi\u00f1a, Quito Norte, Comit\u00e9 del Pueblo, Colinas del Norte, La Y, Cotocollao, Carcel\u00e9n Industrial, Cumbay\u00e1, Tumbaco, Nay\u00f3n, Puembo, Oyambarrillo, La Colmena, Panecillo, Loma de Puengas\u00ed, El Dorado, San Blas, Santa Prisca, La Mar\u00edn, La Colmena, Vicentina, Itchimbia, La Tola, Las Casas, El Condado, Carcel\u00e9n, Ponceano, El Bat\u00e1n y La Carolina.<\/p>\n<p>El Municipio de Quito solicita a los conductores que se movilicen con precauci\u00f3n, respetando los l\u00edmites de velocidad y se\u00f1ales de tr\u00e1nsito, para evitar accidentes e inconvenientes.<\/p>\n<p>&nbsp;<\/p>\n","protected":false},"excerpt":{"rendered":"<p>V\u00edas de asfalto y adoquinado en aproximadamente 50 sectores del Distrito Metropolitano de Quito reciben actualmente mantenimiento, a cargo de<\/p>\n","protected":false},"author":1,"featured_media":0,"comment_status":"open","ping_status":"open","sticky":false,"template":"","format":"standard","meta":{"footnotes":""},"categories":[14],"tags":[],"_links":{"self":[{"href":"https:\/\/www.ecuadoraldia.com.ec\/index.php?rest_route=\/wp\/v2\/posts\/2346"}],"collection":[{"href":"https:\/\/www.ecuadoraldia.com.ec\/index.php?rest_route=\/wp\/v2\/posts"}],"about":[{"href":"https:\/\/www.ecuadoraldia.com.ec\/index.php?rest_route=\/wp\/v2\/types\/post"}],"author":[{"embeddable":true,"href":"https:\/\/www.ecuadoraldia.com.ec\/index.php?rest_route=\/wp\/v2\/users\/1"}],"replies":[{"embeddable":true,"href":"https:\/\/www.ecuadoraldia.com.ec\/index.php?rest_route=%2Fwp%2Fv2%2Fcomments&post=2346"}],"version-history":[{"count":1,"href":"https:\/\/www.ecuadoraldia.com.ec\/index.php?rest_route=\/wp\/v2\/posts\/2346\/revisions"}],"predecessor-version":[{"id":2348,"href":"https:\/\/www.ecuadoraldia.com.ec\/index.php?rest_route=\/wp\/v2\/posts\/2346\/revisions\/2348"}],"wp:attachment":[{"href":"https:\/\/www.ecuadoraldia.com.ec\/index.php?rest_route=%2Fwp%2Fv2%2Fmedia&parent=2346"}],"wp:term":[{"taxonomy":"category","embeddable":true,"href":"https:\/\/www.ecuadoraldia.com.ec\/index.php?rest_route=%2Fwp%2Fv2%2Fcategories&post=2346"},{"taxonomy":"post_tag","embeddable":true,"href":"https:\/\/www.ecuadoraldia.com.ec\/index.php?rest_route=%2Fwp%2Fv2%2Ftags&post=2346"}],"curies":[{"name":"wp","href":"https:\/\/api.w.org\/{rel}","templated":true}]}}