{"id":23680,"date":"2025-01-29T14:49:23","date_gmt":"2025-01-29T19:49:23","guid":{"rendered":"https:\/\/www.ecuadoraldia.com.ec\/?p=23680"},"modified":"2025-01-29T14:49:24","modified_gmt":"2025-01-29T19:49:24","slug":"ee-uu-reforzara-ayuda-militar-a-ecuador-en-la-lucha-contra-el-narcotrafico","status":"publish","type":"post","link":"https:\/\/www.ecuadoraldia.com.ec\/?p=23680","title":{"rendered":"EE.UU. reforzar\u00e1 ayuda militar a Ecuador en la lucha contra el narcotr\u00e1fico"},"content":{"rendered":"\n<p>Seg\u00fan informaci\u00f3n del Gobierno de Estados Unidos, el pa\u00eds reforzar\u00e1 sus operaciones antidrogas en la ruta del Pacifico cumpliendo lo estipulado en un compromiso con Ecuador.<\/p>\n\n\n\n<p>As\u00ed, el gobierno del presidente Donald Trump apoyar\u00e1 a Ecuador cumplir\u00e1 el control en la denominada \u00abRuta del Pac\u00edfico\u00bb, dos buques, helic\u00f3pteros, aviones, armamento, radares y asistencia t\u00e9cnica debe llegar a Ecuador en los siguientes meses para fortalecer a las Fuerzas Armadas en la lucha contra el narcoterrorismo.<\/p>\n","protected":false},"excerpt":{"rendered":"<p>Seg\u00fan informaci\u00f3n del Gobierno de Estados Unidos, el pa\u00eds reforzar\u00e1 sus operaciones antidrogas en la ruta del Pacifico cumpliendo lo<\/p>\n","protected":false},"author":1,"featured_media":23681,"comment_status":"closed","ping_status":"closed","sticky":false,"template":"","format":"standard","meta":{"footnotes":""},"categories":[1],"tags":[],"_links":{"self":[{"href":"https:\/\/www.ecuadoraldia.com.ec\/index.php?rest_route=\/wp\/v2\/posts\/23680"}],"collection":[{"href":"https:\/\/www.ecuadoraldia.com.ec\/index.php?rest_route=\/wp\/v2\/posts"}],"about":[{"href":"https:\/\/www.ecuadoraldia.com.ec\/index.php?rest_route=\/wp\/v2\/types\/post"}],"author":[{"embeddable":true,"href":"https:\/\/www.ecuadoraldia.com.ec\/index.php?rest_route=\/wp\/v2\/users\/1"}],"replies":[{"embeddable":true,"href":"https:\/\/www.ecuadoraldia.com.ec\/index.php?rest_route=%2Fwp%2Fv2%2Fcomments&post=23680"}],"version-history":[{"count":1,"href":"https:\/\/www.ecuadoraldia.com.ec\/index.php?rest_route=\/wp\/v2\/posts\/23680\/revisions"}],"predecessor-version":[{"id":23682,"href":"https:\/\/www.ecuadoraldia.com.ec\/index.php?rest_route=\/wp\/v2\/posts\/23680\/revisions\/23682"}],"wp:featuredmedia":[{"embeddable":true,"href":"https:\/\/www.ecuadoraldia.com.ec\/index.php?rest_route=\/wp\/v2\/media\/23681"}],"wp:attachment":[{"href":"https:\/\/www.ecuadoraldia.com.ec\/index.php?rest_route=%2Fwp%2Fv2%2Fmedia&parent=23680"}],"wp:term":[{"taxonomy":"category","embeddable":true,"href":"https:\/\/www.ecuadoraldia.com.ec\/index.php?rest_route=%2Fwp%2Fv2%2Fcategories&post=23680"},{"taxonomy":"post_tag","embeddable":true,"href":"https:\/\/www.ecuadoraldia.com.ec\/index.php?rest_route=%2Fwp%2Fv2%2Ftags&post=23680"}],"curies":[{"name":"wp","href":"https:\/\/api.w.org\/{rel}","templated":true}]}}