{"id":23993,"date":"2025-03-13T12:58:38","date_gmt":"2025-03-13T17:58:38","guid":{"rendered":"https:\/\/www.ecuadoraldia.com.ec\/?p=23993"},"modified":"2025-03-13T12:59:41","modified_gmt":"2025-03-13T17:59:41","slug":"erik-prince-dice-que-la-causa-de-ecuador-es-la-causa-de-ee-uu","status":"publish","type":"post","link":"https:\/\/www.ecuadoraldia.com.ec\/?p=23993","title":{"rendered":"Erik Prince dice que la causa de Ecuador es la causa de EE.UU."},"content":{"rendered":"\n<p>jueves 13 de marzo de 2025. Erik Prince y fundador de Blackwater, se refiri\u00f3 a la situaci\u00f3n de Ecuador e inidic\u00f3 que \u00abla causa de Ecuador es la causa de Estados Unidos. Adem\u00e1s, el hoy empresario experto en seguridad, se refiri\u00f3 a que \u00abespera verdaderamente que gane Daniel Noboa\u00ab.<\/p>\n\n\n\n<p>Ecuador es un pa\u00eds \u201ccon un alcance significativo, recursos naturales significativos, un pa\u00eds muy pr\u00f3spero en v\u00edas de desarrollo, con una gran pesquer\u00eda (la segunda mayor del mundo en at\u00fan), tienen las Gal\u00e1pagos, significativa producci\u00f3n petrolera y significativo acceso portuario\u201d, afirm\u00f3 el exmilitar.<\/p>\n\n\n\n<p>Prince critic\u00f3 a Correa, por el retiro de la Base de Manta y asegura que con ello, Ecuador retrocedi\u00f3 en la lucha contra el narcotr\u00e1fico: \u00abDurante el gobierno de Rafael Correa el pa\u00eds se endeud\u00f3 con China, expuls\u00f3 a Estados Unidos de la \u201csignificativa\u201d Base de Manta, y se \u201cacurruc\u00f3\u201d con Rusia, Venezuela y China\u00bb y advierte que ahora el corre\u00edsmo quiere volver al poder a trav\u00e9s de Luisa Gonz\u00e1lez.<\/p>\n\n\n\n<p>\u00abNosotros esperamos que (Noboa) gane la elecci\u00f3n\u2026 porque tomar\u00eda los consejos econ\u00f3micos de (Javier) Milei y los consejos de seguridad de (Nayib) Bukele\u201d, porque Luisa Gonz\u00e1lez no puede ganar, porque llevar\u00eda a Ecuador por el camino de Venezuela: corrupci\u00f3n, p\u00e9rdida de la democracia, pobreza y narcotr\u00e1fico\u00bb, sostiene.<\/p>\n\n\n\n<p>Prince acepta tesis de Noboa de que sabotajes causaron apagones<\/p>\n\n\n\n<p>Sobre los apagones que sufri\u00f3 Ecuador, Prince dice tajantemente: \u00ablos remanentes corre\u00edstas en el Estado provocaron la crisis el\u00e9ctrica con un sabotaje y tuvieron una revuelta masiva de pandillas, donde intentaron tomar el control del pa\u00eds por unos d\u00edas\u201d.<\/p>\n\n\n\n<p>El empresario tambi\u00e9n dijo que Ecuador es el puerto de salida hacia Europa para la mayor\u00eda de coca\u00edna que se produce en Colombia y Per\u00fa. Y sostiene que ser\u00eda un gran problema que la Revoluci\u00f3n Ciudadana gane las elecciones presidenciales y agregue otro gobierno socialista al mapa regional.<\/p>\n\n\n\n<p>La candidata presidencial del corre\u00edsmo, Luisa Gonz\u00e1lez, advirti\u00f3 este jueves, 13 de marzo, en una entrevista, con Radio Rumba 107.3 FM, en Guayaquil, a las 07:00, a Erik Prince y Blackwater de abstenecer a venir al Ecuador porque eso le compete a la Fuerza P\u00fablica, dijo que no negociar\u00e1 con los jefes de las bandas delictivas.<\/p>\n\n\n\n<p>Seg\u00fan Luisa, \u00abNo a que vengan mercenarios, asesinos, a invadir nuestro espacio y algo que le corresponde a la Fuerza P\u00fablica, que es el monopolio de la seguridad que lo tienen tanto Fuerzas Armadas como la Polic\u00eda Nacional\u00bb.<\/p>\n","protected":false},"excerpt":{"rendered":"<p>jueves 13 de marzo de 2025. Erik Prince y fundador de Blackwater, se refiri\u00f3 a la situaci\u00f3n de Ecuador e<\/p>\n","protected":false},"author":1,"featured_media":23994,"comment_status":"closed","ping_status":"closed","sticky":false,"template":"","format":"standard","meta":{"footnotes":""},"categories":[7],"tags":[],"_links":{"self":[{"href":"https:\/\/www.ecuadoraldia.com.ec\/index.php?rest_route=\/wp\/v2\/posts\/23993"}],"collection":[{"href":"https:\/\/www.ecuadoraldia.com.ec\/index.php?rest_route=\/wp\/v2\/posts"}],"about":[{"href":"https:\/\/www.ecuadoraldia.com.ec\/index.php?rest_route=\/wp\/v2\/types\/post"}],"author":[{"embeddable":true,"href":"https:\/\/www.ecuadoraldia.com.ec\/index.php?rest_route=\/wp\/v2\/users\/1"}],"replies":[{"embeddable":true,"href":"https:\/\/www.ecuadoraldia.com.ec\/index.php?rest_route=%2Fwp%2Fv2%2Fcomments&post=23993"}],"version-history":[{"count":2,"href":"https:\/\/www.ecuadoraldia.com.ec\/index.php?rest_route=\/wp\/v2\/posts\/23993\/revisions"}],"predecessor-version":[{"id":23996,"href":"https:\/\/www.ecuadoraldia.com.ec\/index.php?rest_route=\/wp\/v2\/posts\/23993\/revisions\/23996"}],"wp:featuredmedia":[{"embeddable":true,"href":"https:\/\/www.ecuadoraldia.com.ec\/index.php?rest_route=\/wp\/v2\/media\/23994"}],"wp:attachment":[{"href":"https:\/\/www.ecuadoraldia.com.ec\/index.php?rest_route=%2Fwp%2Fv2%2Fmedia&parent=23993"}],"wp:term":[{"taxonomy":"category","embeddable":true,"href":"https:\/\/www.ecuadoraldia.com.ec\/index.php?rest_route=%2Fwp%2Fv2%2Fcategories&post=23993"},{"taxonomy":"post_tag","embeddable":true,"href":"https:\/\/www.ecuadoraldia.com.ec\/index.php?rest_route=%2Fwp%2Fv2%2Ftags&post=23993"}],"curies":[{"name":"wp","href":"https:\/\/api.w.org\/{rel}","templated":true}]}}