{"id":24152,"date":"2025-04-22T17:57:52","date_gmt":"2025-04-22T22:57:52","guid":{"rendered":"https:\/\/www.ecuadoraldia.com.ec\/?p=24152"},"modified":"2025-04-22T17:57:53","modified_gmt":"2025-04-22T22:57:53","slug":"hombre-que-instaba-a-atentar-contra-daniel-noboa-esta-con-prision-preventiva","status":"publish","type":"post","link":"https:\/\/www.ecuadoraldia.com.ec\/?p=24152","title":{"rendered":"Hombre que instaba a atentar contra Daniel Noboa est\u00e1 con prisi\u00f3n preventiva."},"content":{"rendered":"\n<p>Guayas, martes 22 de abril de 2025. Un juez de playas acogi\u00f3 los elementos presentados por la Fiscal\u00eda y dict\u00f3 prisi\u00f3n preventiva contra James Daniel N.C., sospechoso de publicar un video contra el presidente de Ecuador, Daniel Noboa.\u00a0<\/p>\n\n\n\n<p>Durante la audiencia, el juez acogi\u00f3 los elementos de convicci\u00f3n que present\u00f3 la Fiscal\u00eda e inici\u00f3 una investigaci\u00f3n por los supuestos delitos de intimidaci\u00f3n e instigaci\u00f3n, en concurso real de infracciones.<\/p>\n\n\n\n<p>La Fiscal\u00eda anunci\u00f3 este 22 de abril que se defini\u00f3 la fecha para la audiencia de juzgamiento en contra del sospechoso: el 12 de mayo de 2025 a las 15:00.<\/p>\n\n\n\n<p>James Daniel N.C fue detenido por personal policial el pasado 21 de abril de 2025.&nbsp; Fue ubicado&nbsp;en el sector de Las Brisas del cant\u00f3n General Villamil, Playas, Guayas.<\/p>\n\n\n\n<p>En la vivienda se encontr\u00f3 un arma de fuego, seg\u00fan las autoridades. Uno de los principales indicios es un video que public\u00f3 el detenido en sus redes sociales.&nbsp; En un video de cuatro minutos, que circul\u00f3 por redes sociales, se escucha a James Daniel N.C. decir \u00abLuisa Gonz\u00e1lez (candidata por Revoluci\u00f3n Ciudadana), mi voto es tuyo, yo aqu\u00ed estoy firme\u00bb.<\/p>\n\n\n\n<p>Sheinbaum sobre la alerta de atentados contra Daniel Noboa: &#8216;No dice ni siquiera de d\u00f3nde ven\u00eda la informaci\u00f3n ni sus pruebas&#8217;<\/p>\n\n\n\n<p>Luego de confesar en lugar donde se encontraba, el ahora detenido asegur\u00f3 que est\u00e1 con \u00abper\u00edmetro\u00bb, palabra utilizada par referirse que tendr\u00eda polic\u00edas y militares a su alrededor.<\/p>\n\n\n\n<p>Incluso, el hombre dijo que ten\u00eda un&nbsp;\u00abej\u00e9rcito celestial\u00bb que le impiden moverse con libertad.<\/p>\n\n\n\n<p>\u00abNo se preocupen por uno, simplemente hagan lo que tengan que hacer. Me da tristeza, porque uno tiene que llegar a este extremo para que obedezcan (&#8230;) ya no es mi culpa, ya est\u00e1n dadas las codificaciones, a Daniel Noboa lo tiene que dar de baja, lo tienen que matar\u00bb.<\/p>\n\n\n\n<p>Sujeto detenido en Playas<\/p>\n\n\n\n<p>Luego de mezclar algunas ideas confusas, dice que las mafias de M\u00e9xico y Rusia \u00abhagan lo que tengan que hacer\u00bb.&nbsp;<\/p>\n\n\n\n<p>Y agrega: \u00ablo mismo para las leyes terrenales y celestiales, al man le tienen que dar de baja\u00bb.&nbsp;<\/p>\n\n\n\n<p>Reacci\u00f3n del Gobierno<\/p>\n\n\n\n<p>El ministro del Interior, Jhon Reimberg, dijo este 22 de abril que en el tel\u00e9fono celular del detenido fueron encontrados otros videos, con un contenido similar de amenazas contra el presidente Noboa.<\/p>\n\n\n\n<p>Reimberg se\u00f1al\u00f3 que adem\u00e1s del arma de fuego se hallaron municiones y otros indicios que no detall\u00f3.&nbsp;<\/p>\n\n\n\n<p>Adem\u00e1s, sostuvo que este tipo de alertas se dieron incluso antes de las elecciones del 13 de abril, pero que por prudencia se manej\u00f3 la informaci\u00f3n con cautela y reserva.<\/p>\n","protected":false},"excerpt":{"rendered":"<p>Guayas, martes 22 de abril de 2025. Un juez de playas acogi\u00f3 los elementos presentados por la Fiscal\u00eda y dict\u00f3<\/p>\n","protected":false},"author":1,"featured_media":24153,"comment_status":"closed","ping_status":"closed","sticky":false,"template":"","format":"standard","meta":{"footnotes":""},"categories":[20,1],"tags":[],"_links":{"self":[{"href":"https:\/\/www.ecuadoraldia.com.ec\/index.php?rest_route=\/wp\/v2\/posts\/24152"}],"collection":[{"href":"https:\/\/www.ecuadoraldia.com.ec\/index.php?rest_route=\/wp\/v2\/posts"}],"about":[{"href":"https:\/\/www.ecuadoraldia.com.ec\/index.php?rest_route=\/wp\/v2\/types\/post"}],"author":[{"embeddable":true,"href":"https:\/\/www.ecuadoraldia.com.ec\/index.php?rest_route=\/wp\/v2\/users\/1"}],"replies":[{"embeddable":true,"href":"https:\/\/www.ecuadoraldia.com.ec\/index.php?rest_route=%2Fwp%2Fv2%2Fcomments&post=24152"}],"version-history":[{"count":1,"href":"https:\/\/www.ecuadoraldia.com.ec\/index.php?rest_route=\/wp\/v2\/posts\/24152\/revisions"}],"predecessor-version":[{"id":24154,"href":"https:\/\/www.ecuadoraldia.com.ec\/index.php?rest_route=\/wp\/v2\/posts\/24152\/revisions\/24154"}],"wp:featuredmedia":[{"embeddable":true,"href":"https:\/\/www.ecuadoraldia.com.ec\/index.php?rest_route=\/wp\/v2\/media\/24153"}],"wp:attachment":[{"href":"https:\/\/www.ecuadoraldia.com.ec\/index.php?rest_route=%2Fwp%2Fv2%2Fmedia&parent=24152"}],"wp:term":[{"taxonomy":"category","embeddable":true,"href":"https:\/\/www.ecuadoraldia.com.ec\/index.php?rest_route=%2Fwp%2Fv2%2Fcategories&post=24152"},{"taxonomy":"post_tag","embeddable":true,"href":"https:\/\/www.ecuadoraldia.com.ec\/index.php?rest_route=%2Fwp%2Fv2%2Ftags&post=24152"}],"curies":[{"name":"wp","href":"https:\/\/api.w.org\/{rel}","templated":true}]}}