{"id":24159,"date":"2025-04-24T16:58:41","date_gmt":"2025-04-24T21:58:41","guid":{"rendered":"https:\/\/www.ecuadoraldia.com.ec\/?p=24159"},"modified":"2025-04-24T16:58:41","modified_gmt":"2025-04-24T21:58:41","slug":"el-cne-rechazo-peticiones-del-correismo-sobre-supuesto-fraude","status":"publish","type":"post","link":"https:\/\/www.ecuadoraldia.com.ec\/?p=24159","title":{"rendered":"EL CNE rechaz\u00f3 peticiones del corre\u00edsmo sobre supuesto fraude"},"content":{"rendered":"\n<p>El Consejo Nacional Electoral (CNE) rechaz\u00f3 este jueves, 24 de abril, los recursos presentados por la Revoluci\u00f3n Ciudadana (RC5)-RETO de supuestas irregularidades en cerca de 1 800 actas de escrutinio.<\/p>\n\n\n\n<p>Atamaint, presidenta del CNE, dijo que es hasta gracioso escuchar que una tinta se traspase en la hoja y se \u00abcamine\u00bb por s\u00ed sola hacia el otro candidato, algo que no est\u00e1 comprobado cient\u00edficamente. Con esto ya los reclamos de los corre\u00edstas pierden fuerzas.<\/p>\n\n\n\n<p>Las actas cuestionadas representaban aproximadamente 500 000 votos, cantidad que no resulta suficiente para revertir los resultados y permitir que la expresidencial del corre\u00edsmo, Luisa Gonz\u00e1lez, supere a Daniel Noboa. Las denuncias apuntaban a la ausencia de firmas y a inconsistencias en las cifras.<\/p>\n\n\n\n<p>Tras desestimar los reclamos, el CNE dio por concluida la Audiencia P\u00fablica Nacional de Escrutinio. El Pleno valid\u00f3 los resultados num\u00e9ricos correspondientes a la elecci\u00f3n del binomio presidencial.<\/p>\n\n\n\n<p>La agrupaci\u00f3n pol\u00edtica af\u00edn al corre\u00edsmo a\u00fan dispone de un plazo de tres d\u00edas para presentar una impugnaci\u00f3n ante el Tribunal Contencioso Electoral (TCE).<\/p>\n\n\n\n<p>En caso de que este organismo tambi\u00e9n rechace los recursos, el CNE quedar\u00e1 habilitado para oficializar los resultados de la segunda vuelta electoral de 2025. Este organismo tiene hasta el pr\u00f3ximo viernes, 16 de mayo para oficializarlo.<\/p>\n\n\n\n<p>Noboa fue reelecto como presidente de la Rep\u00fablica por cuatro a\u00f1os, tras derrotar por segunda vez consecutiva a Luisa, con el 55,63% de los votos contra el 44,37%, con el 100% de las actas escrutadas. La primera vez fue en el 2023 y la segunda este 2025.<\/p>\n\n\n\n<p>La resoluci\u00f3n fue adoptada con el voto de los consejeros presentes: Diana Atamaint, Jos\u00e9 Cabrera, Enrique Pita y Esthela Acero.<\/p>\n","protected":false},"excerpt":{"rendered":"<p>El Consejo Nacional Electoral (CNE) rechaz\u00f3 este jueves, 24 de abril, los recursos presentados por la Revoluci\u00f3n Ciudadana (RC5)-RETO de<\/p>\n","protected":false},"author":1,"featured_media":24160,"comment_status":"closed","ping_status":"closed","sticky":false,"template":"","format":"standard","meta":{"footnotes":""},"categories":[11,3],"tags":[],"_links":{"self":[{"href":"https:\/\/www.ecuadoraldia.com.ec\/index.php?rest_route=\/wp\/v2\/posts\/24159"}],"collection":[{"href":"https:\/\/www.ecuadoraldia.com.ec\/index.php?rest_route=\/wp\/v2\/posts"}],"about":[{"href":"https:\/\/www.ecuadoraldia.com.ec\/index.php?rest_route=\/wp\/v2\/types\/post"}],"author":[{"embeddable":true,"href":"https:\/\/www.ecuadoraldia.com.ec\/index.php?rest_route=\/wp\/v2\/users\/1"}],"replies":[{"embeddable":true,"href":"https:\/\/www.ecuadoraldia.com.ec\/index.php?rest_route=%2Fwp%2Fv2%2Fcomments&post=24159"}],"version-history":[{"count":1,"href":"https:\/\/www.ecuadoraldia.com.ec\/index.php?rest_route=\/wp\/v2\/posts\/24159\/revisions"}],"predecessor-version":[{"id":24161,"href":"https:\/\/www.ecuadoraldia.com.ec\/index.php?rest_route=\/wp\/v2\/posts\/24159\/revisions\/24161"}],"wp:featuredmedia":[{"embeddable":true,"href":"https:\/\/www.ecuadoraldia.com.ec\/index.php?rest_route=\/wp\/v2\/media\/24160"}],"wp:attachment":[{"href":"https:\/\/www.ecuadoraldia.com.ec\/index.php?rest_route=%2Fwp%2Fv2%2Fmedia&parent=24159"}],"wp:term":[{"taxonomy":"category","embeddable":true,"href":"https:\/\/www.ecuadoraldia.com.ec\/index.php?rest_route=%2Fwp%2Fv2%2Fcategories&post=24159"},{"taxonomy":"post_tag","embeddable":true,"href":"https:\/\/www.ecuadoraldia.com.ec\/index.php?rest_route=%2Fwp%2Fv2%2Ftags&post=24159"}],"curies":[{"name":"wp","href":"https:\/\/api.w.org\/{rel}","templated":true}]}}