{"id":24165,"date":"2025-04-25T09:18:28","date_gmt":"2025-04-25T14:18:28","guid":{"rendered":"https:\/\/www.ecuadoraldia.com.ec\/?p=24165"},"modified":"2025-04-25T09:18:28","modified_gmt":"2025-04-25T14:18:28","slug":"dos-fuertes-sismos-se-reportaron-en-esmeraldas-y-guayas","status":"publish","type":"post","link":"https:\/\/www.ecuadoraldia.com.ec\/?p=24165","title":{"rendered":"Dos fuertes sismos se reportaron en Esmeraldas y Guayas."},"content":{"rendered":"\n<p>Dos temblores ocurrieron en Ecuador la ma\u00f1ana de este viernes 25 de abril de 2025. El sismo cuyo epicentro fue la Provincia &nbsp;de Esmeraldas tambi\u00e9n se sinti\u00f3 en 56 cantones y se reportan da\u00f1os en viviendas.&nbsp;<\/p>\n\n\n\n<p>Dos temblores sacudieron a Ecuador la ma\u00f1ana del viernes 25 de abril de 2025, en pocos minutos. El primero se registr\u00f3 en Esmeraldas y el segundo en Guayas.<\/p>\n\n\n\n<p>El primer temblor ocurri\u00f3 a las 06:44:50 y el epicentro fue a 8.4 kil\u00f3metros de Esmeraldas, seg\u00fan inform\u00f3 el Instituto Geof\u00edsico de Ecuador.<\/p>\n\n\n\n<p>La Secretar\u00eda de Gesti\u00f3n de Riesgos inform\u00f3 que el temblor con epicentro en Esmeraldas se sinti\u00f3 en 56 cantones, con intensidades de: leve, moderado, fuerte y muy fuerte.<\/p>\n\n\n\n<p>En ciudades de Pichincha, Tungurahua, Santo Domingo, Los R\u00edos, Imbabura y Cotopaxi, el temblor se sinti\u00f3 con intensidad leve.<\/p>\n\n\n\n<p>En Manab\u00ed y Guayas,&nbsp; la intensidad del sismo fue moderada. Mientras que en seis cantones de Esmeraldas, se sinti\u00f3 con fuerza. En la capital de la provincia, Esmeraldas, el temblor fue muy fuerte.<\/p>\n\n\n\n<p>Tras los temblores, el Inocar descart\u00f3 la posibilidad de un tsunami en las costas de Ecuador este 25 de abril.<\/p>\n\n\n\n<p>Fue Pablo Palacios, investigador de sismolog\u00eda del IG, que proporcion\u00f3 una entrevista a Ecuavisa. \u201cNo tienen que ver en el uno con el otro. El de Esmeraldas y el de Guayaquil\u201d, dijo.<\/p>\n\n\n\n<p>Detall\u00f3 que el sismo de Esmeraldas, debido a su profundidad en la interfase y la magnitud, \u201ctuvo la capacidad de causar da\u00f1os (&#8230;) En otras 10 provincias tambi\u00e9n se sinti\u00f3 de manera moderada\u201d.<\/p>\n\n\n\n<p>Palacios explic\u00f3 que el sismo de Esmeraldas es consecuencia del proceso de subducci\u00f3n de la placa de Nazca debajo de la sudamericana. \u201cEst\u00e1 penetrando, digamos, la placa de Nazca y por esa fricci\u00f3n, la placa continental se atranca. Si quiere verlo as\u00ed. Ocasionalmente salta y este es el sismo que se genera\u201d.<\/p>\n\n\n\n<figure class=\"wp-block-embed is-type-rich is-provider-twitter wp-block-embed-twitter\"><div class=\"wp-block-embed__wrapper\">\n<blockquote class=\"twitter-tweet\" data-width=\"550\" data-dnt=\"true\"><p lang=\"es\" dir=\"ltr\"><a href=\"https:\/\/twitter.com\/hashtag\/SismosColombiaSGC?src=hash&amp;ref_src=twsrc%5Etfw\">#SismosColombiaSGC<\/a> Evento S\u00edsmico &#8211; Bolet\u00edn Preliminar, 2025-04-25, 06:44 hora local. Magnitud 5.4. <a href=\"https:\/\/twitter.com\/hashtag\/NoticiaEnDesarrollo?src=hash&amp;ref_src=twsrc%5Etfw\">#NoticiaEnDesarrollo<\/a> <a href=\"https:\/\/twitter.com\/hashtag\/Temblor?src=hash&amp;ref_src=twsrc%5Etfw\">#Temblor<\/a> <a href=\"https:\/\/twitter.com\/hashtag\/Sismo?src=hash&amp;ref_src=twsrc%5Etfw\">#Sismo<\/a> \u00bfSinti\u00f3 este sismo? rep\u00f3rtelo <a href=\"https:\/\/t.co\/pgC7OC2O7j\">https:\/\/t.co\/pgC7OC2O7j<\/a> M\u00e1s informaci\u00f3n: <a href=\"https:\/\/t.co\/h4VVP0556L\">https:\/\/t.co\/h4VVP0556L<\/a> <a href=\"https:\/\/t.co\/0CqUpMGdFc\">pic.twitter.com\/0CqUpMGdFc<\/a><\/p>&mdash; Servicio Geol\u00f3gico Colombiano (@sgcol) <a href=\"https:\/\/twitter.com\/sgcol\/status\/1915734835814924391?ref_src=twsrc%5Etfw\">April 25, 2025<\/a><\/blockquote><script async src=\"https:\/\/platform.twitter.com\/widgets.js\" charset=\"utf-8\"><\/script>\n<\/div><\/figure>\n","protected":false},"excerpt":{"rendered":"<p>Dos temblores ocurrieron en Ecuador la ma\u00f1ana de este viernes 25 de abril de 2025. El sismo cuyo epicentro fue<\/p>\n","protected":false},"author":1,"featured_media":24166,"comment_status":"closed","ping_status":"closed","sticky":false,"template":"","format":"standard","meta":{"footnotes":""},"categories":[11,20],"tags":[],"_links":{"self":[{"href":"https:\/\/www.ecuadoraldia.com.ec\/index.php?rest_route=\/wp\/v2\/posts\/24165"}],"collection":[{"href":"https:\/\/www.ecuadoraldia.com.ec\/index.php?rest_route=\/wp\/v2\/posts"}],"about":[{"href":"https:\/\/www.ecuadoraldia.com.ec\/index.php?rest_route=\/wp\/v2\/types\/post"}],"author":[{"embeddable":true,"href":"https:\/\/www.ecuadoraldia.com.ec\/index.php?rest_route=\/wp\/v2\/users\/1"}],"replies":[{"embeddable":true,"href":"https:\/\/www.ecuadoraldia.com.ec\/index.php?rest_route=%2Fwp%2Fv2%2Fcomments&post=24165"}],"version-history":[{"count":1,"href":"https:\/\/www.ecuadoraldia.com.ec\/index.php?rest_route=\/wp\/v2\/posts\/24165\/revisions"}],"predecessor-version":[{"id":24167,"href":"https:\/\/www.ecuadoraldia.com.ec\/index.php?rest_route=\/wp\/v2\/posts\/24165\/revisions\/24167"}],"wp:featuredmedia":[{"embeddable":true,"href":"https:\/\/www.ecuadoraldia.com.ec\/index.php?rest_route=\/wp\/v2\/media\/24166"}],"wp:attachment":[{"href":"https:\/\/www.ecuadoraldia.com.ec\/index.php?rest_route=%2Fwp%2Fv2%2Fmedia&parent=24165"}],"wp:term":[{"taxonomy":"category","embeddable":true,"href":"https:\/\/www.ecuadoraldia.com.ec\/index.php?rest_route=%2Fwp%2Fv2%2Fcategories&post=24165"},{"taxonomy":"post_tag","embeddable":true,"href":"https:\/\/www.ecuadoraldia.com.ec\/index.php?rest_route=%2Fwp%2Fv2%2Ftags&post=24165"}],"curies":[{"name":"wp","href":"https:\/\/api.w.org\/{rel}","templated":true}]}}