{"id":24187,"date":"2025-04-28T16:53:27","date_gmt":"2025-04-28T21:53:27","guid":{"rendered":"https:\/\/www.ecuadoraldia.com.ec\/?p=24187"},"modified":"2025-04-28T16:56:03","modified_gmt":"2025-04-28T21:56:03","slug":"el-cardenal-muller-marca-distancia-y-exige-ortodoxia-para-el-futuro-de-la-iglesia","status":"publish","type":"post","link":"https:\/\/www.ecuadoraldia.com.ec\/?p=24187","title":{"rendered":"El Cardenal M\u00fcller marca distancia y exige ortodoxia para el futuro de la Iglesia Cat\u00f3lica."},"content":{"rendered":"\n<p>Roma. 28 de abril de 2025. La muerte del Papa Francisco ha abierto un momento de reflexi\u00f3n profunda en el seno de la Iglesia cat\u00f3lica. El cardenal alem\u00e1n Gerhard Ludwig M\u00fcller, reconocido por su firme posici\u00f3n tradicionalista, ha sido una de las voces m\u00e1s contundentes en evaluar el legado del pont\u00edfice argentino y se\u00f1alar los desaf\u00edos que enfrenta el Vaticano en esta nueva etapa.<\/p>\n\n\n\n<p>En di\u00e1logo con el diario italiano La Repubblica, M\u00fcller manifest\u00f3 que \u201cse ha acabado un cap\u00edtulo en la historia de la Iglesia\u201d. Aunque aclar\u00f3 que el juicio \u00faltimo corresponde a Dios, destac\u00f3 que sobre el pontificado de Francisco existen \u201copiniones distintas\u201d que no pueden ignorarse.<\/p>\n\n\n\n<p>En una entrevista paralela con The Times, M\u00fcller fue a\u00fan m\u00e1s cr\u00edtico. Se\u00f1al\u00f3 que el Papa \u201cdebe ser ortodoxo, ni liberal ni conservador\u201d, advirtiendo que la verdadera divisi\u00f3n en la Iglesia no es ideol\u00f3gica sino teol\u00f3gica: entre la ortodoxia y la herej\u00eda. \u201cRezo para que el Esp\u00edritu Santo ilumine a los cardenales\u201d, afirm\u00f3, alertando sobre el riesgo de un l\u00edder que cambie su mensaje al ritmo de los medios de comunicaci\u00f3n.<\/p>\n\n\n\n<p>Cuestionamientos a las decisiones de francisco<\/p>\n\n\n\n<p>El cardenal alem\u00e1n, quien fue prefecto de la Congregaci\u00f3n para la Doctrina de la Fe, no ahorr\u00f3 cr\u00edticas a algunas decisiones de Francisco. Cuestion\u00f3 duramente el acuerdo firmado con China en 2018, que permite el nombramiento consensuado de obispos entre Roma y Pek\u00edn, recordando que \u201cno se puede hacer pactos con dictaduras ateas\u201d ni \u201ctraicionar los principios de la fe cat\u00f3lica\u201d.<\/p>\n\n\n\n<p>De cara al pr\u00f3ximo c\u00f3nclave, donde M\u00fcller ser\u00e1 uno de los cardenales electores, el purpurado insisti\u00f3 en que la Iglesia \u201cno es una organizaci\u00f3n humanitaria\u201d, rechazando las visiones que buscan secularizar su misi\u00f3n. \u201cEl Papa no puede ser simplemente el s\u00edmbolo de una religi\u00f3n adaptada al gusto de las \u00e9lites globalizadas\u201d, sentenci\u00f3.<\/p>\n\n\n\n<p>Las declaraciones del cardenal M\u00fcller marcan claramente la postura de un sector conservador que, tras la muerte de Francisco, buscar\u00e1 reforzar la identidad doctrinal tradicional frente a los nuevos desaf\u00edos del catolicismo contempor\u00e1neo.<\/p>\n\n\n\n<p>El cardenal alem\u00e1n, quien fue prefecto de la Congregaci\u00f3n para la Doctrina de la Fe, no ahorr\u00f3 cr\u00edticas a algunas decisiones de Francisco. Cuestion\u00f3 duramente el acuerdo firmado con China en 2018, que permite el nombramiento consensuado de obispos entre Roma y Pek\u00edn, recordando que \u201cno se puede hacer pactos con dictaduras ateas\u201d ni \u201ctraicionar los principios de la fe cat\u00f3lica\u201d.<\/p>\n","protected":false},"excerpt":{"rendered":"<p>Roma. 28 de abril de 2025. La muerte del Papa Francisco ha abierto un momento de reflexi\u00f3n profunda en el<\/p>\n","protected":false},"author":1,"featured_media":24188,"comment_status":"closed","ping_status":"closed","sticky":false,"template":"","format":"standard","meta":{"footnotes":""},"categories":[7],"tags":[],"_links":{"self":[{"href":"https:\/\/www.ecuadoraldia.com.ec\/index.php?rest_route=\/wp\/v2\/posts\/24187"}],"collection":[{"href":"https:\/\/www.ecuadoraldia.com.ec\/index.php?rest_route=\/wp\/v2\/posts"}],"about":[{"href":"https:\/\/www.ecuadoraldia.com.ec\/index.php?rest_route=\/wp\/v2\/types\/post"}],"author":[{"embeddable":true,"href":"https:\/\/www.ecuadoraldia.com.ec\/index.php?rest_route=\/wp\/v2\/users\/1"}],"replies":[{"embeddable":true,"href":"https:\/\/www.ecuadoraldia.com.ec\/index.php?rest_route=%2Fwp%2Fv2%2Fcomments&post=24187"}],"version-history":[{"count":2,"href":"https:\/\/www.ecuadoraldia.com.ec\/index.php?rest_route=\/wp\/v2\/posts\/24187\/revisions"}],"predecessor-version":[{"id":24191,"href":"https:\/\/www.ecuadoraldia.com.ec\/index.php?rest_route=\/wp\/v2\/posts\/24187\/revisions\/24191"}],"wp:featuredmedia":[{"embeddable":true,"href":"https:\/\/www.ecuadoraldia.com.ec\/index.php?rest_route=\/wp\/v2\/media\/24188"}],"wp:attachment":[{"href":"https:\/\/www.ecuadoraldia.com.ec\/index.php?rest_route=%2Fwp%2Fv2%2Fmedia&parent=24187"}],"wp:term":[{"taxonomy":"category","embeddable":true,"href":"https:\/\/www.ecuadoraldia.com.ec\/index.php?rest_route=%2Fwp%2Fv2%2Fcategories&post=24187"},{"taxonomy":"post_tag","embeddable":true,"href":"https:\/\/www.ecuadoraldia.com.ec\/index.php?rest_route=%2Fwp%2Fv2%2Ftags&post=24187"}],"curies":[{"name":"wp","href":"https:\/\/api.w.org\/{rel}","templated":true}]}}