{"id":24192,"date":"2025-04-28T17:01:53","date_gmt":"2025-04-28T22:01:53","guid":{"rendered":"https:\/\/www.ecuadoraldia.com.ec\/?p=24192"},"modified":"2025-04-28T17:01:54","modified_gmt":"2025-04-28T22:01:54","slug":"apagon-historico-paraliza-espana-portugal-y-sur-de-francia","status":"publish","type":"post","link":"https:\/\/www.ecuadoraldia.com.ec\/?p=24192","title":{"rendered":"Apag\u00f3n hist\u00f3rico paraliza Espa\u00f1a, Portugal y sur de Francia."},"content":{"rendered":"\n<p>La Pen\u00ednsula Ib\u00e9rica atraviesa una de las mayores crisis el\u00e9ctricas de su historia reciente. Desde las 12:30 horas de este lunes, hora local, un fallo masivo dej\u00f3 a Espa\u00f1a, Portugal y parte del sur de Francia sumidos en una oscuridad generalizada, provocando caos en las principales ciudades, colapso en las infraestructuras cr\u00edticas y un clima de alta incertidumbre social.<\/p>\n\n\n\n<p>El apag\u00f3n, que inicialmente muchos pensaron ser\u00eda breve, revel\u00f3 su gravedad a medida que las horas avanzaban. Sem\u00e1foros apagados paralizaron el tr\u00e1fico urbano, provocando atascos kilom\u00e9tricos en Madrid, Barcelona, Valencia, Sevilla y otras grandes urbes. Los servicios de trenes de cercan\u00edas y alta velocidad (AVE) detuvieron su marcha de forma abrupta, obligando a los pasajeros a abandonar los vagones en zonas intermedias o permanecer varados en t\u00faneles. Los sistemas de metro se vieron igualmente afectados, y los mecanismos de emergencia trabajaron para acercar los convoyes a las estaciones m\u00e1s pr\u00f3ximas.<\/p>\n\n\n\n<p>La situaci\u00f3n se complic\u00f3 a\u00fan m\u00e1s con la paralizaci\u00f3n de los servicios de telefon\u00eda m\u00f3vil e internet. Millones de ciudadanos quedaron sin comunicaci\u00f3n ni acceso a servicios digitales esenciales. Las solicitudes de auxilio saturaron los organismos de emergencia, especialmente por personas atrapadas en ascensores y sistemas el\u00e9ctricos residenciales.<\/p>\n\n\n\n<p>Los hospitales, preparados para emergencias limitadas, se vieron obligados a activar protocolos de crisis, operando \u00fanicamente con servicios b\u00e1sicos y apoyados en generadores de reserva. Mientras tanto, la escasa electricidad en algunos pueblos aislados ofrec\u00eda una imagen desconcertante: peque\u00f1os sectores con suministro, rodeados de amplias zonas sumidas en la oscuridad.<\/p>\n\n\n\n<p>El Gobierno espa\u00f1ol agradeci\u00f3 formalmente la cooperaci\u00f3n internacional y asegur\u00f3 que se intensificar\u00e1n los trabajos t\u00e9cnicos durante la madrugada para ampliar las zonas reconectadas.<\/p>\n\n\n\n<p>Portugal acusa y comunidades aut\u00f3nomas exigen prioridad<\/p>\n\n\n\n<p>El apag\u00f3n tambi\u00e9n golpe\u00f3 duramente a Portugal, cuyo sistema el\u00e9ctrico depende en parte del suministro espa\u00f1ol. Desde Lisboa, autoridades lusas se\u00f1alaron a Espa\u00f1a como principal responsable del corte energ\u00e9tico y exigieron una pronta resoluci\u00f3n del problema.<\/p>\n\n\n\n<p>En el interior de Espa\u00f1a, las tensiones aumentaron entre los gobiernos auton\u00f3micos. La Comunidad Valenciana y Andaluc\u00eda, afectadas recientemente por temporales de lluvias torrenciales (DANAs), reclamaron prioridad en la restauraci\u00f3n de la energ\u00eda, argumentando la fragilidad de sus infraestructuras y la necesidad de garantizar servicios b\u00e1sicos.<\/p>\n\n\n\n<figure class=\"wp-block-gallery has-nested-images columns-default is-cropped wp-block-gallery-1 is-layout-flex wp-block-gallery-is-layout-flex\">\n<figure class=\"wp-block-image size-large\"><a href=\"https:\/\/www.ecuadoraldia.com.ec\/wp-content\/uploads\/2025\/04\/por.png\"><img loading=\"lazy\" decoding=\"async\" width=\"1024\" height=\"576\" data-id=\"24194\" src=\"https:\/\/www.ecuadoraldia.com.ec\/wp-content\/uploads\/2025\/04\/por.png\" alt=\"\" class=\"wp-image-24194\" srcset=\"https:\/\/www.ecuadoraldia.com.ec\/wp-content\/uploads\/2025\/04\/por.png 1024w, https:\/\/www.ecuadoraldia.com.ec\/wp-content\/uploads\/2025\/04\/por-300x169.png 300w, https:\/\/www.ecuadoraldia.com.ec\/wp-content\/uploads\/2025\/04\/por-768x432.png 768w\" sizes=\"(max-width: 1024px) 100vw, 1024px\" \/><\/a><\/figure>\n<\/figure>\n","protected":false},"excerpt":{"rendered":"<p>La Pen\u00ednsula Ib\u00e9rica atraviesa una de las mayores crisis el\u00e9ctricas de su historia reciente. Desde las 12:30 horas de este<\/p>\n","protected":false},"author":1,"featured_media":24193,"comment_status":"closed","ping_status":"closed","sticky":false,"template":"","format":"standard","meta":{"footnotes":""},"categories":[7],"tags":[],"_links":{"self":[{"href":"https:\/\/www.ecuadoraldia.com.ec\/index.php?rest_route=\/wp\/v2\/posts\/24192"}],"collection":[{"href":"https:\/\/www.ecuadoraldia.com.ec\/index.php?rest_route=\/wp\/v2\/posts"}],"about":[{"href":"https:\/\/www.ecuadoraldia.com.ec\/index.php?rest_route=\/wp\/v2\/types\/post"}],"author":[{"embeddable":true,"href":"https:\/\/www.ecuadoraldia.com.ec\/index.php?rest_route=\/wp\/v2\/users\/1"}],"replies":[{"embeddable":true,"href":"https:\/\/www.ecuadoraldia.com.ec\/index.php?rest_route=%2Fwp%2Fv2%2Fcomments&post=24192"}],"version-history":[{"count":1,"href":"https:\/\/www.ecuadoraldia.com.ec\/index.php?rest_route=\/wp\/v2\/posts\/24192\/revisions"}],"predecessor-version":[{"id":24195,"href":"https:\/\/www.ecuadoraldia.com.ec\/index.php?rest_route=\/wp\/v2\/posts\/24192\/revisions\/24195"}],"wp:featuredmedia":[{"embeddable":true,"href":"https:\/\/www.ecuadoraldia.com.ec\/index.php?rest_route=\/wp\/v2\/media\/24193"}],"wp:attachment":[{"href":"https:\/\/www.ecuadoraldia.com.ec\/index.php?rest_route=%2Fwp%2Fv2%2Fmedia&parent=24192"}],"wp:term":[{"taxonomy":"category","embeddable":true,"href":"https:\/\/www.ecuadoraldia.com.ec\/index.php?rest_route=%2Fwp%2Fv2%2Fcategories&post=24192"},{"taxonomy":"post_tag","embeddable":true,"href":"https:\/\/www.ecuadoraldia.com.ec\/index.php?rest_route=%2Fwp%2Fv2%2Ftags&post=24192"}],"curies":[{"name":"wp","href":"https:\/\/api.w.org\/{rel}","templated":true}]}}