{"id":24196,"date":"2025-04-28T17:42:09","date_gmt":"2025-04-28T22:42:09","guid":{"rendered":"https:\/\/www.ecuadoraldia.com.ec\/?p=24196"},"modified":"2025-04-28T17:42:10","modified_gmt":"2025-04-28T22:42:10","slug":"adn-y-la-rc-a-la-caza-de-votos-por-lograr-mayoria","status":"publish","type":"post","link":"https:\/\/www.ecuadoraldia.com.ec\/?p=24196","title":{"rendered":"ADN y la RC a la caza de votos por lograr mayor\u00eda"},"content":{"rendered":"\n<p>Quito DM, lunes 28 de abril de 2025. A dos semanas que se posesione la nueva Asamblea Nacional, los di\u00e1logos y acuerdos para llegar a la primera sesi\u00f3n con una mayor\u00eda que permita elegir presidente y vicepresidentes siguen, pero se empezaron a manejar con mayor discreci\u00f3n.<\/p>\n\n\n\n<p>Ambas fuerzas pol\u00edticas tienen 66 asamble\u00edstas y la meta ser\u00e1 llegar al 14 de mayo con 77, lo m\u00ednimo para alcanzar mayor\u00eda absoluta, que es con la que se puede elegir la mesa directiva de la Asamblea.<\/p>\n\n\n\n<p>Ni Acci\u00f3n Democr\u00e1tica Nacional (ADN) ni Revoluci\u00f3n Ciudadana (RC), que en el papel son las m\u00e1s opcionados para dirigir la Funci\u00f3n Legislativa, ahondaron este 28 de abril sobre posibles avances en las conversaciones.&nbsp;<\/p>\n\n\n\n<p>Alfredo Serrano, director nacional y asamble\u00edsta electo del PSC, dijo a diario El Universo que apoyar\u00e1n a quien proponga el oficialismo como candidato a dirigir la Asamblea, aun sin necesidad de dialogar con este o tener un acuerdo previo.<\/p>\n\n\n\n<p>El PSC para el periodo legislativo 2025- 2029 tendr\u00e1 cuatro asamble\u00edstas: Serrano, Otto Vera, Samuel Celleri y&nbsp;Johnny Ter\u00e1n.<\/p>\n\n\n\n<p>Los legisladores independientes que podr\u00edan sumar a las filas del oficialismo en la primera sesi\u00f3n son:<\/p>\n\n\n\n<p>Steven Ord\u00f3\u00f1ez.<\/p>\n\n\n\n<p>Pablo Jurado.<\/p>\n\n\n\n<p>Juan Gonz\u00e1ga.<\/p>\n\n\n\n<p>M\u00f3nica Salazar.<\/p>\n\n\n\n<p>Con esos n\u00fameros, el Gobierno y la bancada de ADN estar\u00edan a tres votos de tener mayor\u00eda para llevarse la presidencia de la Asamblea y tener una importante presencia en el Consejo de Administraci\u00f3n Legislativa (CAL).&nbsp;<\/p>\n\n\n\n<p>Aunque el oficialismo tambi\u00e9n est\u00e1 detr\u00e1s de los votos del movimiento ind\u00edgena. Es m\u00e1s, desde el 14 de abril, el ministro de Gobierno, Jos\u00e9 de La Gasca dijo a PRIMICIAS que \u00abhay asamble\u00edstas electos de Pachakutik que est\u00e1n con nosotros de frente\u00bb.&nbsp;<\/p>\n","protected":false},"excerpt":{"rendered":"<p>Quito DM, lunes 28 de abril de 2025. A dos semanas que se posesione la nueva Asamblea Nacional, los di\u00e1logos<\/p>\n","protected":false},"author":1,"featured_media":24197,"comment_status":"closed","ping_status":"closed","sticky":false,"template":"","format":"standard","meta":{"footnotes":""},"categories":[11,3],"tags":[],"_links":{"self":[{"href":"https:\/\/www.ecuadoraldia.com.ec\/index.php?rest_route=\/wp\/v2\/posts\/24196"}],"collection":[{"href":"https:\/\/www.ecuadoraldia.com.ec\/index.php?rest_route=\/wp\/v2\/posts"}],"about":[{"href":"https:\/\/www.ecuadoraldia.com.ec\/index.php?rest_route=\/wp\/v2\/types\/post"}],"author":[{"embeddable":true,"href":"https:\/\/www.ecuadoraldia.com.ec\/index.php?rest_route=\/wp\/v2\/users\/1"}],"replies":[{"embeddable":true,"href":"https:\/\/www.ecuadoraldia.com.ec\/index.php?rest_route=%2Fwp%2Fv2%2Fcomments&post=24196"}],"version-history":[{"count":1,"href":"https:\/\/www.ecuadoraldia.com.ec\/index.php?rest_route=\/wp\/v2\/posts\/24196\/revisions"}],"predecessor-version":[{"id":24198,"href":"https:\/\/www.ecuadoraldia.com.ec\/index.php?rest_route=\/wp\/v2\/posts\/24196\/revisions\/24198"}],"wp:featuredmedia":[{"embeddable":true,"href":"https:\/\/www.ecuadoraldia.com.ec\/index.php?rest_route=\/wp\/v2\/media\/24197"}],"wp:attachment":[{"href":"https:\/\/www.ecuadoraldia.com.ec\/index.php?rest_route=%2Fwp%2Fv2%2Fmedia&parent=24196"}],"wp:term":[{"taxonomy":"category","embeddable":true,"href":"https:\/\/www.ecuadoraldia.com.ec\/index.php?rest_route=%2Fwp%2Fv2%2Fcategories&post=24196"},{"taxonomy":"post_tag","embeddable":true,"href":"https:\/\/www.ecuadoraldia.com.ec\/index.php?rest_route=%2Fwp%2Fv2%2Ftags&post=24196"}],"curies":[{"name":"wp","href":"https:\/\/api.w.org\/{rel}","templated":true}]}}