{"id":24199,"date":"2025-04-28T17:47:10","date_gmt":"2025-04-28T22:47:10","guid":{"rendered":"https:\/\/www.ecuadoraldia.com.ec\/?p=24199"},"modified":"2025-04-28T17:47:10","modified_gmt":"2025-04-28T22:47:10","slug":"noboa-dialogo-con-el-rey-felipe-vi-de-espana","status":"publish","type":"post","link":"https:\/\/www.ecuadoraldia.com.ec\/?p=24199","title":{"rendered":"Noboa dialog\u00f3 con el rey Felipe VI de Espa\u00f1a"},"content":{"rendered":"\n<p>Madrid Espa\u00f1a, lunes 28 de abril de 2025. Pese al repentino apag\u00f3n el\u00e9ctrico, el rey Felipe VI de Espa\u00f1a se reuni\u00f3 con el presidente de Ecuador, Daniel Noboa, tal como estaba previsto en la agenda de la gira internacional.&nbsp;<\/p>\n\n\n\n<p>El apag\u00f3n, provocado por un corte de suministro el\u00e9ctrico ocurrido en toda Espa\u00f1a, tambi\u00e9n ha afectado al Palacio de la Zarzuela en Madrid, aunque dispone de un sistema de generaci\u00f3n de electricidad para resolver reuniones y actividades de emergencia, como el encuentro entre Noboa y Felipe VI.&nbsp;<\/p>\n\n\n\n<p>El monarca recibi\u00f3 a Noboa con motivo de la visita que el presidente electo de Ecuador realiza en Madrid en una de las escalas de la gira que lleva a cabo por siete pa\u00edses de Europa y Oriente Medio y que comenz\u00f3 en Roma, con su asistencia al funeral del papa Francisco el pasado s\u00e1bado.<\/p>\n\n\n\n<p>La reuni\u00f3n entre Noboa y Felipe de este lunes es el cuarto encuentro entre ambos, desde que el Mandatario ecuatoriano asumi\u00f3 en 2023.&nbsp;<\/p>\n\n\n\n<p>Antes se hab\u00edan encontrado en noviembre de 2023, durante&nbsp;el primer viaje oficial de Noboa al extranjero, y en aquella ocasi\u00f3n mantuvo un almuerzo con el Rey.&nbsp;<\/p>\n\n\n\n<p>Luego en enero de 2024, Noboa viaj\u00f3 a Madrid para la feria internacional de turismo, a la que tambi\u00e9n asisti\u00f3 el rey Felipe.&nbsp;<\/p>\n\n\n\n<p>Y en noviembre del a\u00f1o pasado, el&nbsp;rey Felipe estuvo en la cumbre iberoamericana de mandatarios y jefes de Estado realizada en Cuenca.&nbsp;<\/p>\n\n\n\n<p>Noboa se reunir\u00e1 con empresarios&nbsp;<\/p>\n\n\n\n<p>En el encuentro con el Rey estuvo presente la secretaria de Estado para Iberoam\u00e9rica y el Caribe y el Espa\u00f1ol en el Mundo, Mar\u00eda Susana Sumelzo Jord\u00e1n; la canciller de Ecuador Ecuador, Gabriela Sommerfeld, y la embajadora del Ecuador en Espa\u00f1a, Wilma Andrade Mu\u00f1oz.<\/p>\n\n\n\n<p>Noboa comenz\u00f3 el 27 de abril su visita a Espa\u00f1a con un encuentro con inmigrantes y emprendedores ecuatorianos en Madrid.&nbsp;<\/p>\n\n\n\n<p>Adem\u00e1s, el Presidente ecuatoriano se reunir\u00e1 con empresarios espa\u00f1oles y con representantes de la comunidad ecuatoriana en Espa\u00f1a.&nbsp;<\/p>\n\n\n\n<p>Tras la gira, que tiene como objetivo atraer inversiones y reforzar la cooperaci\u00f3n en seguridad y energ\u00eda, Noboa tomar\u00e1 posesi\u00f3n de su cargo para un nuevo mandato presidencial de cuatro a\u00f1os el pr\u00f3ximo 24 de mayo.<\/p>\n","protected":false},"excerpt":{"rendered":"<p>Madrid Espa\u00f1a, lunes 28 de abril de 2025. Pese al repentino apag\u00f3n el\u00e9ctrico, el rey Felipe VI de Espa\u00f1a se<\/p>\n","protected":false},"author":1,"featured_media":24200,"comment_status":"closed","ping_status":"closed","sticky":false,"template":"","format":"standard","meta":{"footnotes":""},"categories":[7],"tags":[],"_links":{"self":[{"href":"https:\/\/www.ecuadoraldia.com.ec\/index.php?rest_route=\/wp\/v2\/posts\/24199"}],"collection":[{"href":"https:\/\/www.ecuadoraldia.com.ec\/index.php?rest_route=\/wp\/v2\/posts"}],"about":[{"href":"https:\/\/www.ecuadoraldia.com.ec\/index.php?rest_route=\/wp\/v2\/types\/post"}],"author":[{"embeddable":true,"href":"https:\/\/www.ecuadoraldia.com.ec\/index.php?rest_route=\/wp\/v2\/users\/1"}],"replies":[{"embeddable":true,"href":"https:\/\/www.ecuadoraldia.com.ec\/index.php?rest_route=%2Fwp%2Fv2%2Fcomments&post=24199"}],"version-history":[{"count":1,"href":"https:\/\/www.ecuadoraldia.com.ec\/index.php?rest_route=\/wp\/v2\/posts\/24199\/revisions"}],"predecessor-version":[{"id":24201,"href":"https:\/\/www.ecuadoraldia.com.ec\/index.php?rest_route=\/wp\/v2\/posts\/24199\/revisions\/24201"}],"wp:featuredmedia":[{"embeddable":true,"href":"https:\/\/www.ecuadoraldia.com.ec\/index.php?rest_route=\/wp\/v2\/media\/24200"}],"wp:attachment":[{"href":"https:\/\/www.ecuadoraldia.com.ec\/index.php?rest_route=%2Fwp%2Fv2%2Fmedia&parent=24199"}],"wp:term":[{"taxonomy":"category","embeddable":true,"href":"https:\/\/www.ecuadoraldia.com.ec\/index.php?rest_route=%2Fwp%2Fv2%2Fcategories&post=24199"},{"taxonomy":"post_tag","embeddable":true,"href":"https:\/\/www.ecuadoraldia.com.ec\/index.php?rest_route=%2Fwp%2Fv2%2Ftags&post=24199"}],"curies":[{"name":"wp","href":"https:\/\/api.w.org\/{rel}","templated":true}]}}