{"id":24202,"date":"2025-04-29T11:26:55","date_gmt":"2025-04-29T16:26:55","guid":{"rendered":"https:\/\/www.ecuadoraldia.com.ec\/?p=24202"},"modified":"2025-04-29T11:26:55","modified_gmt":"2025-04-29T16:26:55","slug":"tres-de-los-16-militares-acusados-de-desaparecer-a-los-cuatro-ninos-de-las-malvinas-admiten-que-los-torturaron","status":"publish","type":"post","link":"https:\/\/www.ecuadoraldia.com.ec\/?p=24202","title":{"rendered":"Tres de los 16 militares acusados de desaparecer a los cuatro ni\u00f1os de Las Malvinas admiten que los torturaron"},"content":{"rendered":"\n<p>Guayaquil, lunes 28 de abril de 2025. Tres de los diecisiete militares investigados en Ecuador por la desaparici\u00f3n forzada de cuatro menores afrodescendientes, cuyos cuerpos fueron hallados calcinados d\u00edas despu\u00e9s, relataron a la Fiscal\u00eda las torturas que presuntamente recibieron las v\u00edctimas por parte de sus compa\u00f1eros en la noche del 8 de diciembre de 2024, cuando los detuvieron irregularmente en el sur de la ciudad de Guayaquil.<\/p>\n\n\n\n<p>As\u00ed lo indic\u00f3 este lunes a EFE Fernando Bastias, abogado del Comit\u00e9 Permanente por la Defensa de los Derechos Humanos (CDH), que lleva el caso en representaci\u00f3n de las v\u00edctimas y sus familias, tras participar anoche y la madrugada de este lunes en una nueva reconstrucci\u00f3n de los hechos con los tres militares que solicitaron la cooperaci\u00f3n eficaz (delaci\u00f3n premiada).<\/p>\n\n\n\n<p>Esto llev\u00f3 a la Polic\u00eda, a la Fiscal\u00eda y a los abogados de ambas partes a recorrer nuevamente varias zonas de Taura, una localidad ubicada a unos 30 kil\u00f3metros de Guayaquil, donde los militares hab\u00edan asegurado hasta ahora que dejaron libres y con vida a los menores.<\/p>\n\n\n\n<p>La noche del 8 de diciembre, los hermanos Ismael y Josu\u00e9 Arroyo, de 15 y 14 a\u00f1os, y sus amigos Sa\u00fal Arboleda, de 15, y Steven Medina, de 11, quienes viv\u00edan en el barrio Las Malvinas, de Guayaquil, fueron detenidos irregularmente por dos patrullas en los exteriores de un centro comercial y fueron llevados a Taura, cerca de una base de la Fuerza A\u00e9rea Ecuatoriana (FAE).<\/p>\n\n\n\n<p>Los militares, que est\u00e1n recluidos en dos c\u00e1rceles del pa\u00eds bajo prisi\u00f3n preventiva, aseguraron desde un inicio que dejaron a los menores con vida en una zona rural de la localidad, y lo ratificaron en una primera reconstrucci\u00f3n de los hechos realizada en marzo. La autopsia de los restos de los menores revel\u00f3 que recibieron disparos en la cabeza.<\/p>\n\n\n\n<p>Cambio de versi\u00f3n<\/p>\n\n\n\n<p>Ahora tres soldados han relatado que los menores fueron golpeados y humillados repetidamente antes de su desaparici\u00f3n por varios de sus compa\u00f1eros, quienes casi llegando a Taura \u00ablos lanzaron afuera de la camioneta, los arrodillaron, les pusieron las manos en la cabeza y los comenzaron a golpear\u00bb, seg\u00fan explic\u00f3 Bastias.<\/p>\n\n\n\n<p>Cuando ya llegaron a la zona en la que los abandonaron, \u00ablos bajaron de la camioneta, le sacaron el cintur\u00f3n a uno, lo desnudaron y lo comenzaron a golpear. Otro de ellos se resisti\u00f3 y el militar le comenz\u00f3 a patear ya en el suelo\u00bb, a\u00f1adi\u00f3. Tambi\u00e9n hablaron de un disparo hecho al suelo.<\/p>\n\n\n\n<p>\u00abCon estos detalles se suma la figura de tortura f\u00edsica y tambi\u00e9n sexual, debido al desnudo forzoso a un menor de edad\u00bb, precis\u00f3 el abogado.<\/p>\n\n\n\n<p>El jurista se\u00f1al\u00f3 que los soldados habr\u00edan torturado a los menores en un intento de obtener informaci\u00f3n sobre el cometimiento de un presunto delito y tambi\u00e9n con una \u00abfinalidad de disciplinar\u00bb.<\/p>\n\n\n\n<p>\u00abCuando hay una lesi\u00f3n grave, un agente del Estado involucrado y hay una finalidad de por medio, hay elementos constitutivos de tortura\u00bb, agreg\u00f3.<\/p>\n\n\n\n<p>Militares quieren librarse de acusaci\u00f3n<\/p>\n\n\n\n<p>Bastias se\u00f1al\u00f3 que los militares que han hablado ahora buscar\u00edan que se los separe de la investigaci\u00f3n por desaparici\u00f3n forzada y que, m\u00e1s bien, se los procese por un fraude procesal al haber omitido esta informaci\u00f3n durante todo el proceso, pero que es algo que no permitir\u00e1n, pues \u00abser\u00eda una injusticia para las v\u00edctimas\u00bb.<\/p>\n\n\n\n<p>\u00abPara nosotros all\u00ed no hay una eficacia en esa cooperaci\u00f3n. Puede haber una modulaci\u00f3n en el nivel de responsabilidad entre autor\u00eda y complicidad, pero no permitiremos que se lo retipifique por otro delito que no sea el de desaparici\u00f3n forzada. A los responsables de la tortura se les tendr\u00e1 que sumar otro delito\u00bb, enfatiz\u00f3.<\/p>\n\n\n\n<p>Dijo tambi\u00e9n que los militares \u00absolo fueron a decir lo que ten\u00edan preparado\u00bb, pues luego de relatar esos hechos se acogieron al derecho al silencio, por lo que los abogados de las familias no pudieron hacerles preguntas para indagar m\u00e1s en el tema.<\/p>\n\n\n\n<p>Teniente coronel imputado<\/p>\n\n\n\n<p>En la diligencia tambi\u00e9n particip\u00f3 un teniente coronel de la FAE recientemente vinculado a la investigaci\u00f3n, por haber liderado un operativo sin avisar a la Fiscal\u00eda o la Polic\u00eda en el que se recuper\u00f3 la ropa que esa noche llevaban los menores y que, seg\u00fan los defensores de las familias, fue entregada sin cumplir la cadena de custodia.<\/p>\n\n\n\n<p>Seg\u00fan Bastias, el militar, que se defiende en libertad, dijo que \u00e9l s\u00ed hab\u00eda mencionado a su superior sobre la operaci\u00f3n realizada, algo que a su criterio no lo exime de responsabilidad.<\/p>\n\n\n\n<p>La instrucci\u00f3n fiscal del caso termina este mi\u00e9rcoles, por lo que los abogados est\u00e1n a la espera de que se convoque a la audiencia de juicio, y esperan tambi\u00e9n que esta informaci\u00f3n se incluya en el proceso paralelo que se sigue por el asesinato de los menores. (EFE).<\/p>\n","protected":false},"excerpt":{"rendered":"<p>Guayaquil, lunes 28 de abril de 2025. Tres de los diecisiete militares investigados en Ecuador por la desaparici\u00f3n forzada de<\/p>\n","protected":false},"author":1,"featured_media":24203,"comment_status":"closed","ping_status":"closed","sticky":false,"template":"","format":"standard","meta":{"footnotes":""},"categories":[5,20],"tags":[],"_links":{"self":[{"href":"https:\/\/www.ecuadoraldia.com.ec\/index.php?rest_route=\/wp\/v2\/posts\/24202"}],"collection":[{"href":"https:\/\/www.ecuadoraldia.com.ec\/index.php?rest_route=\/wp\/v2\/posts"}],"about":[{"href":"https:\/\/www.ecuadoraldia.com.ec\/index.php?rest_route=\/wp\/v2\/types\/post"}],"author":[{"embeddable":true,"href":"https:\/\/www.ecuadoraldia.com.ec\/index.php?rest_route=\/wp\/v2\/users\/1"}],"replies":[{"embeddable":true,"href":"https:\/\/www.ecuadoraldia.com.ec\/index.php?rest_route=%2Fwp%2Fv2%2Fcomments&post=24202"}],"version-history":[{"count":1,"href":"https:\/\/www.ecuadoraldia.com.ec\/index.php?rest_route=\/wp\/v2\/posts\/24202\/revisions"}],"predecessor-version":[{"id":24204,"href":"https:\/\/www.ecuadoraldia.com.ec\/index.php?rest_route=\/wp\/v2\/posts\/24202\/revisions\/24204"}],"wp:featuredmedia":[{"embeddable":true,"href":"https:\/\/www.ecuadoraldia.com.ec\/index.php?rest_route=\/wp\/v2\/media\/24203"}],"wp:attachment":[{"href":"https:\/\/www.ecuadoraldia.com.ec\/index.php?rest_route=%2Fwp%2Fv2%2Fmedia&parent=24202"}],"wp:term":[{"taxonomy":"category","embeddable":true,"href":"https:\/\/www.ecuadoraldia.com.ec\/index.php?rest_route=%2Fwp%2Fv2%2Fcategories&post=24202"},{"taxonomy":"post_tag","embeddable":true,"href":"https:\/\/www.ecuadoraldia.com.ec\/index.php?rest_route=%2Fwp%2Fv2%2Ftags&post=24202"}],"curies":[{"name":"wp","href":"https:\/\/api.w.org\/{rel}","templated":true}]}}