{"id":24344,"date":"2025-05-19T17:05:34","date_gmt":"2025-05-19T22:05:34","guid":{"rendered":"https:\/\/www.ecuadoraldia.com.ec\/?p=24344"},"modified":"2025-05-19T17:05:35","modified_gmt":"2025-05-19T22:05:35","slug":"lasso-y-el-correismo-discuten-en-redes-sociales-por-el-caso-flopec","status":"publish","type":"post","link":"https:\/\/www.ecuadoraldia.com.ec\/?p=24344","title":{"rendered":"Lasso y el corre\u00edsmo discuten en redes sociales por el caso Flopec"},"content":{"rendered":"\n<p>Luego que la jueza de la Corte Nacional de Justicia, Daniella Camacho, aceptara el pasado viernes, 16 de mayo, el pedido de la fiscal Diana Salazar de archivar el caso \u00abFlopec\u00bb por presunto peculado, el corre\u00edsmo arremeti\u00f3 contra el ex presidente Guillermo Lasso (2021-2023), a trav\u00e9s de las redes sociales.<\/p>\n\n\n\n<p>Esta denuncia fue interpuesta en 2023 por la asamble\u00edsta corre\u00edsta, Mireya Pazmi\u00f1o, en contra de Lasso y otros seis sujetos, algunos funcionarios de su gobierno.<\/p>\n\n\n\n<p>A Lasso se lo v\u00ednculaba por las supuestas irregularidades en contratos de la estatal Flota Petrolera Ecuatoriana (Flopec), acusaciones que fueron la base del juicio pol\u00edtico contra el ex mandatario.<\/p>\n\n\n\n<p>La primera en criticarlo fue la ex presidenta corre\u00edsta de la Asamblea Nacional, Viviana Veloz, quien dijo ayer, a las 21:19: \u00abLa verdad no se amedrenta, se\u00f1or Lasso. Sus palabras no logran ocultar la realidad de una justicia cooptada y corrupci\u00f3n que permea los m\u00e1s altos niveles del poder\u00bb.<\/p>\n\n\n\n<p>\u00abComo legisladora, no me intimidan sus amenazas ni sus intentos de desviar la atenci\u00f3n. La historia y el pueblo ecuatoriano sabr\u00e1n discernir entre la verdad y la manipulaci\u00f3n (\u2026)\u00bb, aleg\u00f3.<\/p>\n\n\n\n<p>Pazmi\u00f1o no se ha pronunciado sobre el tema. Ahora tiene que enfrentar dos denuncias ante la Fiscal\u00eda por fraude procesal y falsedad ideol\u00f3gica, y se prepara una queja en su contra a nivel de la Asamblea Nacional, en Quito.<\/p>\n\n\n\n<p>Correa y Verduga desataron su furia<\/p>\n\n\n\n<p>Desde B\u00e9lgica, Correa respondi\u00f3 hoy al video difundido por Lasso: \u00abLo \u00fanico que ratifica el caso Flopec es el secuestro de la justicia, con personajes tan corruptos como Diana Salazar y la jueza Camacho. Las pruebas sobran, lo que falta es decencia\u00bb.<\/p>\n\n\n\n<p>\u00abMientras a la gente honesta se la condena por \u00abinflujo ps\u00edquico\u00bb, a los grandes delincuentes como t\u00fa se los deja impunes. Ecuador lo sabe. Por eso est\u00e1s en el basurero de la historia\u00bb, agreg\u00f3.<\/p>\n\n\n\n<p>Lasso respondi\u00f3 hoy a las cr\u00edticas de Correa v\u00eda X: \u00abMira, Jer\u00f3nimo: fuiste sentenciado por corrupci\u00f3n y te escondiste como un cobarde para no cumplir tu pena. Ahora, desde la clandestinidad, solo destilas odio y locura. Mientras te ocultas, camino libre por el Ecuador\u00bb<\/p>\n\n\n\n<p>El ex consejero corre\u00edsta del Consejo de Participaci\u00f3n Ciudadana y Control Social (CPCCS), Augusto Verduga, ahora exiliado en M\u00e9xico, opin\u00f3: \u00abLa justicia nos da la raz\u00f3n\u00bb, proclaman Lasso y sus secuaces tras el archivo del caso Flopec, dictado por la inefable jueza Daniella Camacho\u00ab.<\/p>\n\n\n\n<p>\u00abS\u00ed, la misma jueza de siempre. La que archiva sistem\u00e1ticamente toda denuncia proveniente del corre\u00edsmo, y condena -sin rubor- a cualquiera que huela a corre\u00edsta. La misma que autoriz\u00f3 el allanamiento ilegal al CPCCS con un documento adulterado: firmado digitalmente, pero con la fecha y hora insertadas con m\u00e1quina de escribir\u00bb, expres\u00f3.<\/p>\n\n\n\n<p>\u00abEse documento, por cierto, que la Fiscal General Diana Salazar se niega a someter a pericia, pese a mi solicitud expresa. El caso \u00abLigados\u00bb ya tiene destino: una sentencia escrita de antemano. Cuando llegue, dir\u00e1n otra vez que la \u201cjusticia\u201d ha hablado, que ha condenado a la \u201cliga azul\u201d. Pero esta vez, ni siquiera los m\u00e1s fan\u00e1ticos odiadores se tragar\u00e1n ese cuento\u00bb, expuso.<\/p>\n\n\n\n<p>Caso Flopec<\/p>\n\n\n\n<p>Camacho acept\u00f3 la solicitud que hizo Salazar hace unas semanas de archivar definitivamente el caso, al considerar que no existe \u00abelemento alguno para deducir una imputaci\u00f3n\u00bb contra Lasso y otras seis personas, algunos funcionarios de su gobierno.<\/p>\n\n\n\n<p>Entre ellas est\u00e1n el cu\u00f1ado del ex presidente Danilo Carrera, sentenciado a diez a\u00f1os de c\u00e1rcel por delincuencia organizada dentro del caso denominado como Encuentro, acusado de haber dirigido una red de corrupci\u00f3n para influir en contratos con empresas p\u00fablicas durante la administraci\u00f3n del ex mandatario.<\/p>\n\n\n\n<p>Hern\u00e1n Luque Lecaro, ex presidente de la Empresa Coordinadora de Empresas P\u00fablicas (Emco), vinculado a la misma causa, pero con el proceso judicial suspendido al estar detenido en Argentina.<\/p>\n\n\n\n<p>La denuncia interpuesta por Pazmi\u00f1o tambi\u00e9n buscaba que se procesara al ex presidente y a las otras seis personas por delincuencia organizada, pero la jueza se\u00f1al\u00f3 que las pruebas presentadas por la asamble\u00edsta del corre\u00edsmo para este delito ya estaban siendo investigadas en otra causa, por lo que la pretensi\u00f3n tambi\u00e9n fue desecho<\/p>\n\n\n\n<p>No hubo perjuicio para el Estado<\/p>\n\n\n\n<p>Seg\u00fan la denunciante, Lasso incurri\u00f3 en un supuesto peculado al tener conocimiento de presuntas irregularidades en un contrato firmado entre Flopec y la firma privada Amazonas Tanker y no haber actuado para evitar mayores perjuicios para el Estado.<\/p>\n\n\n\n<p>Sin embargo, la jueza Camacho se\u00f1al\u00f3 que en el expediente fiscal se detalla que las actuaciones de los denunciados \u00abestar\u00edan dentro del marco de las funciones y atribuciones que la Constituci\u00f3n y que las leyes les facultan\u00bb, por lo que \u00abno se advierten elementos de convicci\u00f3n que puedan establecer c\u00f3mo es la forma en la que, por el desempe\u00f1o de dichas funciones, se apropien, distraigan, dispongan u obtengan un beneficio a favor propio o de terceros, o que se genere un detrimento al Estado\u00bb.<\/p>\n\n\n\n<p>Lasso sostuvo durante la investigaci\u00f3n previa que los contratos firmados entre Flopec y Amazonas Tanker fueron suscritos bajo la anterior administraci\u00f3n del ex presidente Len\u00edn Moreno (2017-2021) y que no se hizo ninguna adenda durante su periodo.<\/p>\n\n\n\n<p>Fue \u00e9l quien puso en conocimiento de la Fiscal\u00eda los contratos firmados en a\u00f1os anteriores por Flopec para que se investiguen.<\/p>\n\n\n\n<p>Las acusaciones por presunto peculado fueron el insumo principal por el que la Asamblea Nacional (Parlamento) llev\u00f3 a juicio pol\u00edtico a Lasso en 2023 con el objetivo de destituirlo, tras la aprobaci\u00f3n de la causal por parte de la Corte Constitucional.<\/p>\n","protected":false},"excerpt":{"rendered":"<p>Luego que la jueza de la Corte Nacional de Justicia, Daniella Camacho, aceptara el pasado viernes, 16 de mayo, el<\/p>\n","protected":false},"author":1,"featured_media":24345,"comment_status":"closed","ping_status":"closed","sticky":false,"template":"","format":"standard","meta":{"footnotes":""},"categories":[11,3],"tags":[],"_links":{"self":[{"href":"https:\/\/www.ecuadoraldia.com.ec\/index.php?rest_route=\/wp\/v2\/posts\/24344"}],"collection":[{"href":"https:\/\/www.ecuadoraldia.com.ec\/index.php?rest_route=\/wp\/v2\/posts"}],"about":[{"href":"https:\/\/www.ecuadoraldia.com.ec\/index.php?rest_route=\/wp\/v2\/types\/post"}],"author":[{"embeddable":true,"href":"https:\/\/www.ecuadoraldia.com.ec\/index.php?rest_route=\/wp\/v2\/users\/1"}],"replies":[{"embeddable":true,"href":"https:\/\/www.ecuadoraldia.com.ec\/index.php?rest_route=%2Fwp%2Fv2%2Fcomments&post=24344"}],"version-history":[{"count":1,"href":"https:\/\/www.ecuadoraldia.com.ec\/index.php?rest_route=\/wp\/v2\/posts\/24344\/revisions"}],"predecessor-version":[{"id":24346,"href":"https:\/\/www.ecuadoraldia.com.ec\/index.php?rest_route=\/wp\/v2\/posts\/24344\/revisions\/24346"}],"wp:featuredmedia":[{"embeddable":true,"href":"https:\/\/www.ecuadoraldia.com.ec\/index.php?rest_route=\/wp\/v2\/media\/24345"}],"wp:attachment":[{"href":"https:\/\/www.ecuadoraldia.com.ec\/index.php?rest_route=%2Fwp%2Fv2%2Fmedia&parent=24344"}],"wp:term":[{"taxonomy":"category","embeddable":true,"href":"https:\/\/www.ecuadoraldia.com.ec\/index.php?rest_route=%2Fwp%2Fv2%2Fcategories&post=24344"},{"taxonomy":"post_tag","embeddable":true,"href":"https:\/\/www.ecuadoraldia.com.ec\/index.php?rest_route=%2Fwp%2Fv2%2Ftags&post=24344"}],"curies":[{"name":"wp","href":"https:\/\/api.w.org\/{rel}","templated":true}]}}