{"id":24347,"date":"2025-05-20T15:39:20","date_gmt":"2025-05-20T20:39:20","guid":{"rendered":"https:\/\/www.ecuadoraldia.com.ec\/?p=24347"},"modified":"2025-05-20T15:41:39","modified_gmt":"2025-05-20T20:41:39","slug":"diana-salazar-renuncia-al-cargo-y-dice-que-se-mantuvo-firme-protegida-por-la-ley","status":"publish","type":"post","link":"https:\/\/www.ecuadoraldia.com.ec\/?p=24347","title":{"rendered":"Diana Salazar  renuncia al cargo y dice que se mantuvo firme, protegida por la ley\u00bb."},"content":{"rendered":"\n<p>En su carta de renuncia al cargo de fiscal general del Estado, Diana Salazar, agradeci\u00f3 a jueces, polic\u00edas y los medios. Dijo que se marcha con la conciencia tranquila.&nbsp;<\/p>\n\n\n\n<p>Tras seis a\u00f1os en el cargo de fiscal general del Estado, Diana Salazar renunci\u00f3 al cargo, pero alert\u00f3 que se aleja de la vida pol\u00edtica, pero \u00abno de la causa\u00bb, seg\u00fan se lee en su carta dirigida a la Asamblea, este 20 de mayo de 2025.<\/p>\n\n\n\n<p>En la carta de tres p\u00e1ginas, Salazar hace un recuento de sus casos emblem\u00e1ticos como el proceso Sobornos contra el expresidente Rafael Correa, el de Reconstrucci\u00f3n de Manab\u00ed y el caso Las Torres.<\/p>\n\n\n\n<p>\u00abEl punto m\u00e1s cr\u00edtico lleg\u00f3 con los casos Met\u00e1stasis, Plaga y Purga: la justicia hab\u00eda sucumbido a la tentaci\u00f3n de lo ef\u00edmero, del dinero f\u00e1cil y del poder corruptor\u00bb, escribi\u00f3 Salazar en la carta, tambi\u00e9n dirigida al Consejo de Participaci\u00f3n Ciudadana, que deber\u00e1 iniciar al proceso para elegir a su reemplazo.<\/p>\n\n\n\n<p>De momento, en el cargo de fiscal subrogante estar\u00e1 Wilson Toainga, que ya hab\u00eda trabajado con Salazar en los m\u00e1s de 24 a\u00f1os que llevaba como funcionaria de la Fiscal\u00eda General del Estado.&nbsp;<\/p>\n\n\n\n<p>Diana Salazar, la fiscal que se enfrent\u00f3 a la narcopol\u00edtica, deja el cargo en Ecuador<\/p>\n\n\n\n<p>\u00abComo una funcionaria con m\u00e1s de 24 a\u00f1os de trayectoria en la Instituci\u00f3n, conoc\u00eda los desaf\u00edos que tendr\u00eda que afrontar. Sin embargo, debo confesar que no imagin\u00e9 hasta qu\u00e9 punto la corrupci\u00f3n, el narcotr\u00e1fico y el crimen organizado hab\u00edan penetrado en el Ecuador\u00bb, indic\u00f3 Salazar en el inicio de su renuncia al cargo.&nbsp;<\/p>\n\n\n\n<p>En otra parte de su carta de dimisi\u00f3n, Salazar, de 43 a\u00f1os, recuerda adem\u00e1s los intentos de juicio pol\u00edtico desde la Asamblea en el anterior periodo, dominado por el corre\u00edsmo.&nbsp;<\/p>\n\n\n\n<p>\u00abPor no comulgar con corruptos ni criminales, los ataques fueron constantes y despiadados. Intentaron doblegarme con insultos, recurriendo a redes sociales y ej\u00e9rcitos de troles que exhibieron no solo su ignorancia, sino tambi\u00e9n su machismo y racismo, denigrando mi condici\u00f3n de mujer afroecuatoriana\u00bb.&nbsp;<\/p>\n\n\n\n<p>A\u00f1adi\u00f3 que sus detractores y cr\u00edticos \u00abbuscaron aliados en la Asamblea Nacional para tenderme emboscadas y promover un juicio pol\u00edtico sin fundamentos, m\u00e1s cercano al desprop\u00f3sito que al debido proceso\u00bb.&nbsp;<\/p>\n\n\n\n<p>Diana Salazar anunci\u00f3, este 20 de mayo de 2025, su salida de la Fiscal\u00eda General del Estado. Record\u00f3 que su llegada a esta instituci\u00f3n fue hace 24 a\u00f1os, donde encabez\u00f3 investigaciones, como Sobornos o Met\u00e1stasis. Conoce los detalles sobre su salida.<\/p>\n\n\n\n<p>El Pleno de la Asamblea Nacional tramitir\u00e1 ma\u00f1ana mi\u00e9rcoles, 21 de mayo, en Quito, la renuncia de la fiscal Diana Salazar, as\u00ed lo inform\u00f3 hoy, a las 10:49, el presidente del Legislativo, Niels Olsen, en sus cuentas oficiales.<\/p>\n\n\n\n<p>Seg\u00fan Olsen, \u00abMa\u00f1ana, el Pleno conocer\u00e1 la renuncia de la Fiscal General, Diana Salazar. Una mujer ecuatoriana que sirvi\u00f3 al pa\u00eds con car\u00e1cter, firmeza y tenacidad durante seis a\u00f1os. Le deseo serenidad y plenitud en esta nueva etapa, junto a lo m\u00e1s importante: su familia\u00bb.<\/p>\n\n\n\n<figure class=\"wp-block-embed is-type-video is-provider-youtube wp-block-embed-youtube wp-embed-aspect-16-9 wp-has-aspect-ratio\"><div class=\"wp-block-embed__wrapper\">\n<iframe loading=\"lazy\" title=\"Mi despedida, Dra. Diana Salazar M\u00e9ndez.\" width=\"800\" height=\"450\" src=\"https:\/\/www.youtube.com\/embed\/8O3gsJxYfaE?feature=oembed\" frameborder=\"0\" allow=\"accelerometer; autoplay; clipboard-write; encrypted-media; gyroscope; picture-in-picture; web-share\" referrerpolicy=\"strict-origin-when-cross-origin\" allowfullscreen><\/iframe>\n<\/div><\/figure>\n","protected":false},"excerpt":{"rendered":"<p>En su carta de renuncia al cargo de fiscal general del Estado, Diana Salazar, agradeci\u00f3 a jueces, polic\u00edas y los<\/p>\n","protected":false},"author":1,"featured_media":24348,"comment_status":"closed","ping_status":"closed","sticky":false,"template":"","format":"standard","meta":{"footnotes":""},"categories":[11],"tags":[],"_links":{"self":[{"href":"https:\/\/www.ecuadoraldia.com.ec\/index.php?rest_route=\/wp\/v2\/posts\/24347"}],"collection":[{"href":"https:\/\/www.ecuadoraldia.com.ec\/index.php?rest_route=\/wp\/v2\/posts"}],"about":[{"href":"https:\/\/www.ecuadoraldia.com.ec\/index.php?rest_route=\/wp\/v2\/types\/post"}],"author":[{"embeddable":true,"href":"https:\/\/www.ecuadoraldia.com.ec\/index.php?rest_route=\/wp\/v2\/users\/1"}],"replies":[{"embeddable":true,"href":"https:\/\/www.ecuadoraldia.com.ec\/index.php?rest_route=%2Fwp%2Fv2%2Fcomments&post=24347"}],"version-history":[{"count":3,"href":"https:\/\/www.ecuadoraldia.com.ec\/index.php?rest_route=\/wp\/v2\/posts\/24347\/revisions"}],"predecessor-version":[{"id":24351,"href":"https:\/\/www.ecuadoraldia.com.ec\/index.php?rest_route=\/wp\/v2\/posts\/24347\/revisions\/24351"}],"wp:featuredmedia":[{"embeddable":true,"href":"https:\/\/www.ecuadoraldia.com.ec\/index.php?rest_route=\/wp\/v2\/media\/24348"}],"wp:attachment":[{"href":"https:\/\/www.ecuadoraldia.com.ec\/index.php?rest_route=%2Fwp%2Fv2%2Fmedia&parent=24347"}],"wp:term":[{"taxonomy":"category","embeddable":true,"href":"https:\/\/www.ecuadoraldia.com.ec\/index.php?rest_route=%2Fwp%2Fv2%2Fcategories&post=24347"},{"taxonomy":"post_tag","embeddable":true,"href":"https:\/\/www.ecuadoraldia.com.ec\/index.php?rest_route=%2Fwp%2Fv2%2Ftags&post=24347"}],"curies":[{"name":"wp","href":"https:\/\/api.w.org\/{rel}","templated":true}]}}