{"id":24459,"date":"2025-06-06T12:59:32","date_gmt":"2025-06-06T17:59:32","guid":{"rendered":"https:\/\/www.ecuadoraldia.com.ec\/?p=24459"},"modified":"2025-06-06T12:59:32","modified_gmt":"2025-06-06T17:59:32","slug":"reconstruccion-de-manabi-el-juzgamiento-de-jorge-glas-se-posterga","status":"publish","type":"post","link":"https:\/\/www.ecuadoraldia.com.ec\/?p=24459","title":{"rendered":"Reconstrucci\u00f3n de Manab\u00ed: El juzgamiento de Jorge Glas se posterga"},"content":{"rendered":"\n<p>Antes de la instalaci\u00f3n de la audiencia, Villegas solicit\u00f3 al juez De la Cadena que se excuse de continuar en el Tribunal de Juicio. Tambi\u00e9n repar\u00f3 en el inicio de la audiencia, cuando est\u00e1 pendiente una valoraci\u00f3n psiqui\u00e1trica para Glas por su pedido de ser trasladado a una casa de salud y ser inimputable. La Fiscal\u00eda ten\u00eda un plazo de 12 d\u00edas.<\/p>\n\n\n\n<p>Luego de un poco menos de una hora de deliberaci\u00f3n, los Jueces resolvieron la no instalaci\u00f3n de la audiencia de juicio del caso Reconstrucci\u00f3n. Esto bajo el argumento del respeto a la dignidad de los procesados.&nbsp;<\/p>\n\n\n\n<p>Caicedo otorg\u00f3 a la Fiscal\u00eda un plazo de 10 d\u00edas para que se practique y se emita el informe sobre la evaluaci\u00f3n psiqui\u00e1trica de Glas, de lo que depender\u00e1 la continuaci\u00f3n del juzgamiento por este caso.<\/p>\n\n\n\n<p>Sobre los pedidos de excusas a los jueces De la Cadena y Rodr\u00edguez, la Ponente indic\u00f3 que esa es una facultad de los magistrados y, hasta el momento, los mismos no han presentado ning\u00fan pronunciamiento en ese sentido.<\/p>\n\n\n\n<p>Respecto a la demanda de recusaci\u00f3n, en cambio, la jueza todav\u00eda no han sido notificados. Pero, observ\u00f3 que este recurso se plantee reci\u00e9n en la v\u00edspera del juicio, ya que esto permite una intenci\u00f3n de dilatar el caso.<\/p>\n\n\n\n<p>Pasadas las 09:00, el Tribunal conformado por los jueces Mercedes Caicedo, Javier de la Cadena y Marco Rodr\u00edguez&nbsp;lleg\u00f3 a la Sala para instalar la audiencia de juicio del caso Reconstrucci\u00f3n de Manab\u00ed.<\/p>\n\n\n\n<p>Glas comparece de manera presencial, junto a su abogado Andr\u00e9s Villegas. Mientras que Bernal asiste de manera telem\u00e1tica y su abogado, Roberto Calder\u00f3n, est\u00e1 en la sala del octavo piso de la CNJ.<\/p>\n","protected":false},"excerpt":{"rendered":"<p>Antes de la instalaci\u00f3n de la audiencia, Villegas solicit\u00f3 al juez De la Cadena que se excuse de continuar en<\/p>\n","protected":false},"author":1,"featured_media":24460,"comment_status":"closed","ping_status":"closed","sticky":false,"template":"","format":"standard","meta":{"footnotes":""},"categories":[5],"tags":[],"_links":{"self":[{"href":"https:\/\/www.ecuadoraldia.com.ec\/index.php?rest_route=\/wp\/v2\/posts\/24459"}],"collection":[{"href":"https:\/\/www.ecuadoraldia.com.ec\/index.php?rest_route=\/wp\/v2\/posts"}],"about":[{"href":"https:\/\/www.ecuadoraldia.com.ec\/index.php?rest_route=\/wp\/v2\/types\/post"}],"author":[{"embeddable":true,"href":"https:\/\/www.ecuadoraldia.com.ec\/index.php?rest_route=\/wp\/v2\/users\/1"}],"replies":[{"embeddable":true,"href":"https:\/\/www.ecuadoraldia.com.ec\/index.php?rest_route=%2Fwp%2Fv2%2Fcomments&post=24459"}],"version-history":[{"count":1,"href":"https:\/\/www.ecuadoraldia.com.ec\/index.php?rest_route=\/wp\/v2\/posts\/24459\/revisions"}],"predecessor-version":[{"id":24461,"href":"https:\/\/www.ecuadoraldia.com.ec\/index.php?rest_route=\/wp\/v2\/posts\/24459\/revisions\/24461"}],"wp:featuredmedia":[{"embeddable":true,"href":"https:\/\/www.ecuadoraldia.com.ec\/index.php?rest_route=\/wp\/v2\/media\/24460"}],"wp:attachment":[{"href":"https:\/\/www.ecuadoraldia.com.ec\/index.php?rest_route=%2Fwp%2Fv2%2Fmedia&parent=24459"}],"wp:term":[{"taxonomy":"category","embeddable":true,"href":"https:\/\/www.ecuadoraldia.com.ec\/index.php?rest_route=%2Fwp%2Fv2%2Fcategories&post=24459"},{"taxonomy":"post_tag","embeddable":true,"href":"https:\/\/www.ecuadoraldia.com.ec\/index.php?rest_route=%2Fwp%2Fv2%2Ftags&post=24459"}],"curies":[{"name":"wp","href":"https:\/\/api.w.org\/{rel}","templated":true}]}}