{"id":25713,"date":"2026-03-04T08:41:01","date_gmt":"2026-03-04T13:41:01","guid":{"rendered":"https:\/\/www.ecuadoraldia.com.ec\/?p=25713"},"modified":"2026-03-04T08:41:03","modified_gmt":"2026-03-04T13:41:03","slug":"concurso-para-fiscal-general-del-estado-genera-expectativas","status":"publish","type":"post","link":"https:\/\/www.ecuadoraldia.com.ec\/?p=25713","title":{"rendered":"Concurso para Fiscal General del Estado, genera expectativas."},"content":{"rendered":"\n<p>Este martes 3 de marzo de 2026 es el \u00faltimo d\u00eda para presentar postulaciones al concurso p\u00fablico que designar\u00e1 a la nueva autoridad de la Fiscal\u00eda General del Estado.<\/p>\n\n\n\n<p>Entre las nuevas inscripciones confirmadas durante la tarde figuran el exministro de Gobierno Jos\u00e9 de la Gasca y la jueza Daniella Camacho, quien se desempe\u00f1\u00f3 como presidenta encargada de la Corte Nacional de Justicia en febrero de este a\u00f1o.<\/p>\n\n\n\n<p>Hasta las 12:40, el Consejo de Participaci\u00f3n Ciudadana y Control Social (CPCCS), que se encarga del proceso, inform\u00f3 que se hab\u00edan registrado m\u00e1s de 30 aspirantes en su plataforma.<\/p>\n\n\n\n<p>El organismo difundi\u00f3 un listado de candidatos y precis\u00f3 que la cifra final podr\u00eda variar, ya que el plazo para la entrega de expedientes permanece abierto hasta las 23h59 de este mismo d\u00eda.<\/p>\n\n\n\n<p>Una vez concluido el t\u00e9rmino, la instituci\u00f3n consolidar\u00e1 las postulaciones recibidas tanto en el pa\u00eds como en el exterior y anunciar\u00e1 el n\u00famero definitivo de participantes.<\/p>\n\n\n\n<p>Entre los postulantes registrados figuran:<\/p>\n\n\n\n<p>Luis Manuel Flores Idrovo (Azuay)<\/p>\n\n\n\n<p>Ana Guanoluisa Barrag\u00e1n (Cotopaxi)<\/p>\n\n\n\n<p>C\u00e9sar Humberto Palma Arellano (Cotopaxi)<\/p>\n\n\n\n<p>Christian Kerlin Ayala Piedra (El Oro)<\/p>\n\n\n\n<p>Gabriel Santiago Pereira G\u00f3mez (El Oro)<\/p>\n\n\n\n<p>Jos\u00e9 An\u00edbal Cevallos \u00c1lvarez (Esmeraldas)<\/p>\n\n\n\n<p>Luis Alberto Ord\u00f3\u00f1ez C\u00f3rdova (Esmeraldas)<\/p>\n\n\n\n<p>Jos\u00e9 Santiago Men\u00e9ndez Cruz (Guayas)<\/p>\n\n\n\n<p>Edgar Joselito Arg\u00fcello Saltos (Guayas)<\/p>\n\n\n\n<p>Jos\u00e9 Javier De la Gasca L\u00f3pez Dom\u00ednguez (Guayas)<\/p>\n\n\n\n<p>Eduardo Antonio D\u00edaz Zambrano (Guayas)<\/p>\n\n\n\n<p>Silvia Karina Guanopatin Mendoza (Guayas)<\/p>\n\n\n\n<p>Ana Victoria Luzuriaga Ruilova (Guayas)<\/p>\n\n\n\n<p>Martha Alexandra Mac\u00edas Cede\u00f1o (Guayas)<\/p>\n\n\n\n<p>Sandra Patricia Morej\u00f3n Llanos (Guayas)<\/p>\n\n\n\n<p>Andrea Elizabeth Cazar Villac\u00eds (Imbabura)<\/p>\n\n\n\n<p>Bella Edit Castillo Hidalgo (Loja)<\/p>\n\n\n\n<p>V\u00edctor Hugo Sarmiento Garz\u00f3n (Loja)<\/p>\n\n\n\n<p>Arturo Enrique Riofr\u00edo Ruiz (Los R\u00edos)<\/p>\n\n\n\n<p>Erika Valeria Tayhing Campbell (Los R\u00edos)<\/p>\n\n\n\n<p>Edgar Pa\u00fal Z\u00fa\u00f1iga Hurtado (Los R\u00edos)<\/p>\n\n\n\n<p>Gina Fernanda Mora D\u00e1valos (Manab\u00ed)<\/p>\n\n\n\n<p>Mario David Fonseca Vallejo (Napo)<\/p>\n\n\n\n<p>Christian Ram\u00f3n Rodr\u00edguez Torres (Napo)<\/p>\n\n\n\n<p>Esperanza del Pilar Araujo Escobar (Pastaza)<\/p>\n\n\n\n<p>Ruth Stefania Espinoza Avil\u00e9s (Pichincha)<\/p>\n\n\n\n<p>Mauricio Javier Aguirre L\u00f3pez (Pichincha)<\/p>\n\n\n\n<p>Jos\u00e9 Andr\u00e9s Bed\u00f3n Paula (Pichincha)<\/p>\n\n\n\n<p>Narcisa Elisabeth Calero Borja (Pichincha)<\/p>\n\n\n\n<p>Daniella Lisette Camacho Herold (Pichincha)<\/p>\n\n\n\n<p>Nelly Alexandra Cevallos Morales (Pichincha)<\/p>\n\n\n\n<p>Jos\u00e9 Luis Ch\u00e1vez Ponce (Pichincha)<\/p>\n\n\n\n<p>V\u00edctor Hugo Coffre Mor\u00e1n (Pichincha)<\/p>\n\n\n\n<p>Edgar Alonzo Coral Almeida (Pichincha)<\/p>\n\n\n\n<p>Andr\u00e9s Jorge Cuasapaz Arcos (Pichincha)<\/p>\n\n\n\n<p>David Wilfrido Fiallo Berm\u00fadez (Pichincha)<\/p>\n\n\n\n<p>Bol\u00edvar Augusto Espinoza Astudillo (Pichincha)<\/p>\n\n\n\n<p>Luis Antonio Galarza Bustos (Pichincha)<\/p>\n\n\n\n<p>Tirsa Salom\u00e9 G\u00f3mez Proa\u00f1o (Pichincha)<\/p>\n\n\n\n<p>Margarita Virginia Gualotu\u00f1a Cruz (Pichincha)<\/p>\n\n\n\n<p>Juan Vicente Gua\u00f1o Costales (Pichincha)<\/p>\n\n\n\n<p>Patricio Gerardo Haro Aldean (Pichincha)<\/p>\n\n\n\n<p>Walter Samno Mac\u00edas Fern\u00e1ndez (Pichincha)<\/p>\n\n\n\n<p>William Daniel Mart\u00ednez Narv\u00e1ez (Pichincha)<\/p>\n\n\n\n<p>Mario Andr\u00e9s Mu\u00f1oz Bayas (Pichincha)<\/p>\n\n\n\n<p>Juan Carlos Perea Criollo (Pichincha)<\/p>\n\n\n\n<p>Jorge Luis Piedra Celi (Pichincha)<\/p>\n\n\n\n<p>Priscila Pilar Porras Villag\u00f3mez (Pichincha)<\/p>\n\n\n\n<p>Franklin Ernesto Rea Toapanta (Pichincha)<\/p>\n\n\n\n<p>In\u00e9s Maritza Romero Est\u00e9vez (Pichincha)<\/p>\n\n\n\n<p>Diego Jos\u00e9 Romero Oseguera (Pichincha)<\/p>\n\n\n\n<p>Estuardo Salvador Salvador (Pichincha)<\/p>\n\n\n\n<p>Rafael Len\u00edn S\u00e1nchez Espinosa (Pichincha)<\/p>\n\n\n\n<p>Gladys Edilma Ter\u00e1n Sierra (Pichincha)<\/p>\n\n\n\n<p>Jorge Iv\u00e1n Urgiles Castillo (Pichincha)<\/p>\n\n\n\n<p>F\u00e9lix Arqu\u00edmedes Valdez Rivera (Pichincha)<\/p>\n\n\n\n<p>Segundo Len\u00edn Vernaza Vizcarra (Pichincha)<\/p>\n\n\n\n<p>Karol Gissela Zambrano Mac\u00edas (Pichincha)<\/p>\n\n\n\n<p>Salom\u00f3n Alejandro Montec\u00e9 Giler (Santo Domingo de los Ts\u00e1chilas)<\/p>\n\n\n\n<p>Requisitos que deben cumplir quienes se postulen<\/p>\n\n\n\n<p>El concurso fue convocado conforme a lo establecido en la Constituci\u00f3n y la Ley Org\u00e1nica del CPCCS, mediante un mecanismo de m\u00e9ritos y oposici\u00f3n.<\/p>\n\n\n\n<p>Entre los requisitos para aprticipar figuran ser ecuatoriano en goce de los derechos pol\u00edticos, poseer t\u00edtulo de tercer nivel en Derecho y acreditar al menos diez a\u00f1os de experiencia en el ejercicio profesional, la judicatura o la docencia universitaria en materia penal.<\/p>\n\n\n\n<p>El proceso contempla varias fases: convocatoria y postulaci\u00f3n; admisibilidad y reconsideraci\u00f3n; calificaci\u00f3n de m\u00e9ritos; escrutinio p\u00fablico e impugnaci\u00f3n ciudadana; y la etapa de oposici\u00f3n.<\/p>\n\n\n\n<p>La evaluaci\u00f3n se realizar\u00e1 sobre 100 puntos, divididos en partes iguales entre la valoraci\u00f3n de m\u00e9ritos y las pruebas escrita y oral.<\/p>\n\n\n\n<p>Personal del &nbsp;Cpccs, labor\u00f3 hasta recopilar toda la informaci\u00f3n de las diferentes delegaciones provincias, para hacer el cotejo de la informaci\u00f3n oficial.<\/p>\n","protected":false},"excerpt":{"rendered":"<p>Este martes 3 de marzo de 2026 es el \u00faltimo d\u00eda para presentar postulaciones al concurso p\u00fablico que designar\u00e1 a<\/p>\n","protected":false},"author":1,"featured_media":25714,"comment_status":"closed","ping_status":"closed","sticky":false,"template":"","format":"standard","meta":{"footnotes":""},"categories":[11,3],"tags":[],"_links":{"self":[{"href":"https:\/\/www.ecuadoraldia.com.ec\/index.php?rest_route=\/wp\/v2\/posts\/25713"}],"collection":[{"href":"https:\/\/www.ecuadoraldia.com.ec\/index.php?rest_route=\/wp\/v2\/posts"}],"about":[{"href":"https:\/\/www.ecuadoraldia.com.ec\/index.php?rest_route=\/wp\/v2\/types\/post"}],"author":[{"embeddable":true,"href":"https:\/\/www.ecuadoraldia.com.ec\/index.php?rest_route=\/wp\/v2\/users\/1"}],"replies":[{"embeddable":true,"href":"https:\/\/www.ecuadoraldia.com.ec\/index.php?rest_route=%2Fwp%2Fv2%2Fcomments&post=25713"}],"version-history":[{"count":1,"href":"https:\/\/www.ecuadoraldia.com.ec\/index.php?rest_route=\/wp\/v2\/posts\/25713\/revisions"}],"predecessor-version":[{"id":25715,"href":"https:\/\/www.ecuadoraldia.com.ec\/index.php?rest_route=\/wp\/v2\/posts\/25713\/revisions\/25715"}],"wp:featuredmedia":[{"embeddable":true,"href":"https:\/\/www.ecuadoraldia.com.ec\/index.php?rest_route=\/wp\/v2\/media\/25714"}],"wp:attachment":[{"href":"https:\/\/www.ecuadoraldia.com.ec\/index.php?rest_route=%2Fwp%2Fv2%2Fmedia&parent=25713"}],"wp:term":[{"taxonomy":"category","embeddable":true,"href":"https:\/\/www.ecuadoraldia.com.ec\/index.php?rest_route=%2Fwp%2Fv2%2Fcategories&post=25713"},{"taxonomy":"post_tag","embeddable":true,"href":"https:\/\/www.ecuadoraldia.com.ec\/index.php?rest_route=%2Fwp%2Fv2%2Ftags&post=25713"}],"curies":[{"name":"wp","href":"https:\/\/api.w.org\/{rel}","templated":true}]}}