{"id":25716,"date":"2026-03-04T08:41:56","date_gmt":"2026-03-04T13:41:56","guid":{"rendered":"https:\/\/www.ecuadoraldia.com.ec\/?p=25716"},"modified":"2026-03-04T08:41:57","modified_gmt":"2026-03-04T13:41:57","slug":"programa-de-naciones-unidas-evalua-el-modelo-agricola-de-productos-ole-para-potenciar-la-produccion-sostenible-en-ecuador","status":"publish","type":"post","link":"https:\/\/www.ecuadoraldia.com.ec\/?p=25716","title":{"rendered":"Programa de Naciones Unidas eval\u00faa el modelo agr\u00edcola de Productos OL\u00c9 para potenciar la producci\u00f3n sostenible en Ecuador"},"content":{"rendered":"\n<p><strong><em>Quito, 4 de marzo de 2026. \u2013<\/em><\/strong> &nbsp;Miembros del <strong>Proyecto FARM<\/strong> (Financiamiento para la Reducci\u00f3n y Gesti\u00f3n de Agroqu\u00edmicos), una iniciativa global del Fondo Mundial para el Medio Ambiente implementada por el <strong>Programa de las Naciones Unidas para el Desarrollo (PNUD)<\/strong>, visitaron la comunidad agr\u00edcola El Rosal, ubicada en la provincia de Imbabura. El objetivo fue evaluar en territorio si los agricultores que integran la cadena de valor de Productos OL\u00c9 cuentan con el perfil id\u00f3neo para incorporarse a este programa que busca prevenir el uso de plaguicidas de alta peligrosidad y promover pr\u00e1cticas innovadoras.<\/p>\n\n\n\n<p>Durante el recorrido t\u00e9cnico, el equipo evaluador conoci\u00f3 de primera mano a la iniciativa insignia de productos OL\u00c9: <strong>\u201cDel Campo al Campo\u201d, <\/strong>un ecosistema productivo integral que lleva 5 a\u00f1os garantizando relaciones comerciales estables con los agricultores, acompa\u00f1amiento t\u00e9cnico permanente, acceso a insumos org\u00e1nicos y planificaci\u00f3n conjunta de la producci\u00f3n, asegurando materias primas frescas, naturales y trazables desde su origen. Aqu\u00ed, se identificaron factores fundamentales para la sostenibilidad, como el valor de contar con agricultores s\u00f3lidamente anclados a una cadena de suministro que asegura condiciones de comercio justo.<\/p>\n\n\n\n<p>Adicional, se destac\u00f3 el liderazgo de Luis Su\u00e1rez, agricultor con amplia experiencia, cuya visi\u00f3n facilita el trabajo coordinado entre la empresa y el campo. Tambi\u00e9n, se observ\u00f3 transparencia y orden en los involucrados, lo que refleja una cultura de trabajo profesional, indispensable para cumplir con las exigencias de los mercados actuales.<\/p>\n\n\n\n<p>La visita, adem\u00e1s, logr\u00f3 visibilizar el impacto del programa, que ha entregado de alrededor de 400 Toneladas M\u00e9tricas (TM) de abono org\u00e1nico. Esto contribuye a la regeneraci\u00f3n del suelo, mejora la productividad y reduce la dependencia de agroqu\u00edmicos. Adem\u00e1s, se ha evitado que en los botaderos de basura se generen 18 TM de metano, lo que equivale a 525 TM de CO2. Estas acciones est\u00e1n alineadas con est\u00e1ndares internacionales de sostenibilidad y se articulan directamente a los Objetivos de Desarrollo Sostenible (ODS), ODS 2: Hambre Cero, ODS 8: Trabajo Decente y Crecimiento Econ\u00f3mico, ODS 12: Producci\u00f3n y Consumo Responsables y ODS 13: Acci\u00f3n por el Clima.<\/p>\n\n\n\n<p>Pedro Vega, CEO de Productos Ol\u00e9, destac\u00f3 que \u201c<em>\u2018Del Campo al Campo\u2019 demuestra que es posible construir una cadena de valor donde el desarrollo del agricultor, la calidad del producto y la competitividad del negocio crecen juntos. La visita del PNUD valida que este modelo no solo es sostenible, sino que puede convertirse en un referente para el sector alimentario del pa\u00eds.\u201d<\/em><\/p>\n\n\n\n<p>En un contexto donde el 78% de los consumidores globales est\u00e1 dispuesto a pagar m\u00e1s por productos elaborados bajo pr\u00e1cticas responsables, seg\u00fan Ingredion, Productos Ol\u00e9 ha construido un modelo agr\u00edcola propio que hoy impacta a m\u00e1s de 200 familias productoras y ha evitado el uso de alrededor de 25 TM de fertilizantes, mediante la incorporaci\u00f3n progresiva de abono org\u00e1nico y pr\u00e1cticas regenerativas que han logrado incorporar al menos 37 TM de carbono al suelo.<\/p>\n\n\n\n<p>Para el representante del Proyecto FARM, los modelos como \u2018Del Campo al Campo\u2019 \u201cevidencian c\u00f3mo el sector privado puede generar impacto sostenible real cuando integra a peque\u00f1os productores en su estrategia de negocio. Este tipo de iniciativas fortalecen el desarrollo rural, promueven pr\u00e1cticas agr\u00edcolas responsables y aportan de manera concreta al cumplimiento de los ODS en el pa\u00eds\u201d.<\/p>\n\n\n\n<p>Por su parte, Luis Suarez, representante de los agricultores de la comunidad El Rosal destac\u00f3 que antes comercializaban la producci\u00f3n sin estabilidad ni acompa\u00f1amiento t\u00e9cnico, \u201choy somos aliados estrat\u00e9gicos dentro de una cadena de valor que nos garantiza comercio justo, capacitaci\u00f3n y acceso a insumos org\u00e1nicos. Esto ha fortalecido nuestras familias, nuestra productividad y nuestra visi\u00f3n de futuro.\u201d<\/p>\n\n\n\n<p>La visita y evaluaci\u00f3n del PNUD no solo consolida el modelo agr\u00edcola de Productos OL\u00c9, marca 100% ecuatoriana, sino que env\u00eda una se\u00f1al clara al sector alimentario del pa\u00eds: la sostenibilidad integrada al negocio es viable, rentable y escalable.<\/p>\n\n\n\n<p>Al articular producci\u00f3n local, desarrollo rural y est\u00e1ndares internacionales, Productos Ol\u00e9 se posiciona como un referente nacional en abastecimiento responsable, elevando el est\u00e1ndar de la industria y proyectando a Ecuador como un actor comprometido con sistemas alimentarios m\u00e1s sostenibles, transparentes y competitivos.<\/p>\n","protected":false},"excerpt":{"rendered":"<p>Quito, 4 de marzo de 2026. \u2013 &nbsp;Miembros del Proyecto FARM (Financiamiento para la Reducci\u00f3n y Gesti\u00f3n de Agroqu\u00edmicos), una<\/p>\n","protected":false},"author":1,"featured_media":25717,"comment_status":"closed","ping_status":"closed","sticky":false,"template":"","format":"standard","meta":{"footnotes":""},"categories":[9,11],"tags":[],"_links":{"self":[{"href":"https:\/\/www.ecuadoraldia.com.ec\/index.php?rest_route=\/wp\/v2\/posts\/25716"}],"collection":[{"href":"https:\/\/www.ecuadoraldia.com.ec\/index.php?rest_route=\/wp\/v2\/posts"}],"about":[{"href":"https:\/\/www.ecuadoraldia.com.ec\/index.php?rest_route=\/wp\/v2\/types\/post"}],"author":[{"embeddable":true,"href":"https:\/\/www.ecuadoraldia.com.ec\/index.php?rest_route=\/wp\/v2\/users\/1"}],"replies":[{"embeddable":true,"href":"https:\/\/www.ecuadoraldia.com.ec\/index.php?rest_route=%2Fwp%2Fv2%2Fcomments&post=25716"}],"version-history":[{"count":1,"href":"https:\/\/www.ecuadoraldia.com.ec\/index.php?rest_route=\/wp\/v2\/posts\/25716\/revisions"}],"predecessor-version":[{"id":25718,"href":"https:\/\/www.ecuadoraldia.com.ec\/index.php?rest_route=\/wp\/v2\/posts\/25716\/revisions\/25718"}],"wp:featuredmedia":[{"embeddable":true,"href":"https:\/\/www.ecuadoraldia.com.ec\/index.php?rest_route=\/wp\/v2\/media\/25717"}],"wp:attachment":[{"href":"https:\/\/www.ecuadoraldia.com.ec\/index.php?rest_route=%2Fwp%2Fv2%2Fmedia&parent=25716"}],"wp:term":[{"taxonomy":"category","embeddable":true,"href":"https:\/\/www.ecuadoraldia.com.ec\/index.php?rest_route=%2Fwp%2Fv2%2Fcategories&post=25716"},{"taxonomy":"post_tag","embeddable":true,"href":"https:\/\/www.ecuadoraldia.com.ec\/index.php?rest_route=%2Fwp%2Fv2%2Ftags&post=25716"}],"curies":[{"name":"wp","href":"https:\/\/api.w.org\/{rel}","templated":true}]}}