{"id":25719,"date":"2026-03-04T08:44:13","date_gmt":"2026-03-04T13:44:13","guid":{"rendered":"https:\/\/www.ecuadoraldia.com.ec\/?p=25719"},"modified":"2026-03-04T08:59:00","modified_gmt":"2026-03-04T13:59:00","slug":"camespa-impulsa-el-dialogo-publico-privado-en-el-2do-congreso-de-comercio-exterior-2026","status":"publish","type":"post","link":"https:\/\/www.ecuadoraldia.com.ec\/?p=25719","title":{"rendered":"CAMESPA impulsa el di\u00e1logo p\u00fablico-privado en el 2do Congreso de Comercio Exterior 2026"},"content":{"rendered":"\n<p><strong>Quito, 26 de febrero del 2026.\u2013<\/strong><strong> Con<\/strong> una amplia convocatoria de representantes del sector p\u00fablico y privado, la C\u00e1mara Oficial Espa\u00f1ola de Comercio e Industria de Quito (CAMESPA) realiz\u00f3 con \u00e9xito el <strong>2.\u00ba Congreso de Comercio Exterior 2026<\/strong>, un espacio institucional de alto nivel que se consolid\u00f3 como un punto clave de an\u00e1lisis y reflexi\u00f3n sobre los principales desaf\u00edos y oportunidades del comercio internacional en el contexto ecuatoriano y global.<\/p>\n\n\n\n<p>El encuentro, desarrollado en Quito, reuni\u00f3 a autoridades nacionales, especialistas internacionales y l\u00edderes empresariales, quienes abordaron tem\u00e1ticas estrat\u00e9gicas como las barreras no arancelarias, la seguridad jur\u00eddica para la inversi\u00f3n, el rol de las aduanas en la facilitaci\u00f3n del comercio y las nuevas din\u00e1micas del intercambio global en el actual orden econ\u00f3mico mundial. A trav\u00e9s de paneles y conferencias especializadas, el Congreso promovi\u00f3 un di\u00e1logo multisectorial orientado a la toma de decisiones y al fortalecimiento del ecosistema exportador e importador del pa\u00eds.<\/p>\n\n\n\n<p>Uno de los principales diferenciales de esta edici\u00f3n 2026 fue su enfoque pr\u00e1ctico y actualizado, dise\u00f1ado para que los participantes comprendan de forma clara c\u00f3mo operan los servicios, procesos y soluciones que hoy demandan las empresas que buscan internacionalizarse. En este marco, se priorizaron sectores estrat\u00e9gicos como alimentos, cosm\u00e9ticos, certificaciones de origen y el uso de inteligencia artificial aplicada a la log\u00edstica, \u00e1reas con alto potencial de crecimiento y generaci\u00f3n de valor para la econom\u00eda ecuatoriana.<\/p>\n\n\n\n<p>El Congreso se aline\u00f3 directamente con la misi\u00f3n de CAMESPA de promover y fortalecer las relaciones comerciales bilaterales entre Ecuador y Espa\u00f1a, en el contexto de la Uni\u00f3n Europea como uno de los bloques estrat\u00e9gicos m\u00e1s relevantes para el comercio exterior ecuatoriano. Actualmente, Ecuador mantiene una balanza comercial favorable con la UE y, desde 2024, sus exportaciones hacia este mercado han mostrado un crecimiento sostenido, con impacto positivo en la cadena productiva y en la generaci\u00f3n de empleo formal.<\/p>\n\n\n\n<p>Asimismo, el 2.\u00ba Congreso de Comercio Exterior 2026 reafirm\u00f3 una visi\u00f3n moderna y responsable del desarrollo econ\u00f3mico, incorporando la sostenibilidad como eje transversal del comercio internacional. El evento se llev\u00f3 a cabo bajo un enfoque de responsabilidad ambiental, con compensaci\u00f3n de huella de CO\u2082, alineado con las buenas pr\u00e1cticas internacionales y la agenda global de desarrollo sostenible. Este enfoque resalta la importancia de que las empresas ecuatorianas avancen hacia est\u00e1ndares ambientales, eficiencia log\u00edstica y responsabilidad corporativa, factores cada vez m\u00e1s determinantes para acceder y competir en mercados exigentes como el europeo.<\/p>\n\n\n\n<p>\u201c<em>El comercio exterior es un motor real de crecimiento econ\u00f3mico y generaci\u00f3n de oportunidades para el pa\u00eds. Exportar o importar es posible cuando existe asesor\u00eda adecuada, informaci\u00f3n clara y seguridad jur\u00eddica. Desde CAMESPA creemos firmemente que m\u00e1s empresas ecuatorianas pueden dar el salto al comercio internacional si cuentan con el acompa\u00f1amiento necesario y espacios como este Congreso<\/em>\u201d, afirm\u00f3 Alex\u00e9 Guerrero, presidente de CAMESPA.<\/p>\n\n\n\n<p>Durante la jornada tambi\u00e9n se destac\u00f3 la necesidad de superar los principales retos que enfrenta el comercio exterior ecuatoriano, como los procesos regulatorios, permisos, etiquetado y barreras no arancelarias, as\u00ed como las oportunidades concretas que se abren en el corto y mediano plazo, especialmente en el mercado europeo, con Espa\u00f1a como socio comercial estrat\u00e9gico.<\/p>\n\n\n\n<p>La realizaci\u00f3n del 2.\u00ba Congreso de Comercio Exterior 2026 fue posible gracias al respaldo de sus socios protectores, entre ellos Banco Internacional, Grupo Danec, Santillana, Latina Seguros y Iberia, as\u00ed como el acompa\u00f1amiento de auspiciantes premium como Logiztik Alliance Group, Krugercorporation, Corral Rosales, Almeida Guzm\u00e1n &amp; Asociados, Grupo Anka, MC Comunicaciones y Tiba, cuyo compromiso con el fortalecimiento del comercio exterior refleja la articulaci\u00f3n p\u00fablico-privada necesaria para impulsar la competitividad del pa\u00eds.<\/p>\n\n\n\n<p>Con esta iniciativa, CAMESPA ratifica su rol como actor clave en el fortalecimiento del comercio exterior ecuatoriano, impulsando espacios de an\u00e1lisis, formaci\u00f3n y relacionamiento que contribuyen a dinamizar la econom\u00eda, atraer inversi\u00f3n y posicionar al pa\u00eds de manera competitiva en los mercados internacionales.<\/p>\n\n\n\n<figure class=\"wp-block-gallery has-nested-images columns-default is-cropped wp-block-gallery-1 is-layout-flex wp-block-gallery-is-layout-flex\">\n<figure class=\"wp-block-image size-large\"><a href=\"https:\/\/www.ecuadoraldia.com.ec\/wp-content\/uploads\/2026\/03\/CAMESPA-LG-2026-03-04-085114.png\"><img loading=\"lazy\" decoding=\"async\" width=\"487\" height=\"200\" data-id=\"25722\" src=\"https:\/\/www.ecuadoraldia.com.ec\/wp-content\/uploads\/2026\/03\/CAMESPA-LG-2026-03-04-085114.png\" alt=\"\" class=\"wp-image-25722\" srcset=\"https:\/\/www.ecuadoraldia.com.ec\/wp-content\/uploads\/2026\/03\/CAMESPA-LG-2026-03-04-085114.png 487w, https:\/\/www.ecuadoraldia.com.ec\/wp-content\/uploads\/2026\/03\/CAMESPA-LG-2026-03-04-085114-300x123.png 300w\" sizes=\"(max-width: 487px) 100vw, 487px\" \/><\/a><\/figure>\n<\/figure>\n","protected":false},"excerpt":{"rendered":"<p>Quito, 26 de febrero del 2026.\u2013 Con una amplia convocatoria de representantes del sector p\u00fablico y privado, la C\u00e1mara Oficial<\/p>\n","protected":false},"author":1,"featured_media":25720,"comment_status":"closed","ping_status":"closed","sticky":false,"template":"","format":"standard","meta":{"footnotes":""},"categories":[9,11],"tags":[],"_links":{"self":[{"href":"https:\/\/www.ecuadoraldia.com.ec\/index.php?rest_route=\/wp\/v2\/posts\/25719"}],"collection":[{"href":"https:\/\/www.ecuadoraldia.com.ec\/index.php?rest_route=\/wp\/v2\/posts"}],"about":[{"href":"https:\/\/www.ecuadoraldia.com.ec\/index.php?rest_route=\/wp\/v2\/types\/post"}],"author":[{"embeddable":true,"href":"https:\/\/www.ecuadoraldia.com.ec\/index.php?rest_route=\/wp\/v2\/users\/1"}],"replies":[{"embeddable":true,"href":"https:\/\/www.ecuadoraldia.com.ec\/index.php?rest_route=%2Fwp%2Fv2%2Fcomments&post=25719"}],"version-history":[{"count":3,"href":"https:\/\/www.ecuadoraldia.com.ec\/index.php?rest_route=\/wp\/v2\/posts\/25719\/revisions"}],"predecessor-version":[{"id":25724,"href":"https:\/\/www.ecuadoraldia.com.ec\/index.php?rest_route=\/wp\/v2\/posts\/25719\/revisions\/25724"}],"wp:featuredmedia":[{"embeddable":true,"href":"https:\/\/www.ecuadoraldia.com.ec\/index.php?rest_route=\/wp\/v2\/media\/25720"}],"wp:attachment":[{"href":"https:\/\/www.ecuadoraldia.com.ec\/index.php?rest_route=%2Fwp%2Fv2%2Fmedia&parent=25719"}],"wp:term":[{"taxonomy":"category","embeddable":true,"href":"https:\/\/www.ecuadoraldia.com.ec\/index.php?rest_route=%2Fwp%2Fv2%2Fcategories&post=25719"},{"taxonomy":"post_tag","embeddable":true,"href":"https:\/\/www.ecuadoraldia.com.ec\/index.php?rest_route=%2Fwp%2Fv2%2Ftags&post=25719"}],"curies":[{"name":"wp","href":"https:\/\/api.w.org\/{rel}","templated":true}]}}