{"id":25725,"date":"2026-03-04T09:01:08","date_gmt":"2026-03-04T14:01:08","guid":{"rendered":"https:\/\/www.ecuadoraldia.com.ec\/?p=25725"},"modified":"2026-03-04T09:01:22","modified_gmt":"2026-03-04T14:01:22","slug":"ee-uu-y-ecuador-juntos-contra-el-crimen-organizado-transnacional","status":"publish","type":"post","link":"https:\/\/www.ecuadoraldia.com.ec\/?p=25725","title":{"rendered":"EE.UU. y Ecuador juntos contra el cr\u00edmen organizado transnacional"},"content":{"rendered":"\n<p>A trav\u00e9s de un comunicado, la Embajada de EEUU en Ecuador inform\u00f3 que los Estados Unidos, Ecuador y Europol lideraron una operaci\u00f3n internacional que desmantela red de narcotr\u00e1fico vinculada a \u2018Los Lobos\u2019. Destac\u00f3 la importancia de la cooperaci\u00f3n para detectar y desarticular t\u00e1cticas del crimen organizado.<\/p>\n\n\n\n<p>\u00abLos Estados Unidos concluyeron con \u00e9xito una operaci\u00f3n conjunta con Europol (Agencia de la Uni\u00f3n Europea para la Cooperaci\u00f3n Policial) y autoridades ecuatorianas que desmantel\u00f3 la organizaci\u00f3n transnacional de narcotr\u00e1fico Hern\u00e1n Ruilova Barzola, vinculada al c\u00e1rtel de Los Lobos\u00bb, expres\u00f3 la sede diplom\u00e1tica.<\/p>\n\n\n\n<p>Tambi\u00e9n se indic\u00f3 que gracias a la coordinaci\u00f3n entre el Ecuador, los Estados Unidos, B\u00e9lgica, Italia, Pa\u00edses Bajos y Espa\u00f1a, se logr\u00f3 la detenci\u00f3n de 16 sospechosos incluyendo un objetivo de alto valor, la incautaci\u00f3n de importantes cantidades de coca\u00edna y efectivo y la desarticulaci\u00f3n de un complejo esquema de lavado de dinero y corrupci\u00f3n.<\/p>\n\n\n\n<p>\u00abEsta operaci\u00f3n compleja es otro hito importante para interrumpir las operaciones y finanzas de los narcoterroristas, contribuyendo directamente a la seguridad de los Estados Unidos. Estos resultados concretos refuerzan la cooperaci\u00f3n internacional en beneficio del pueblo estadounidense, con impacto global\u00ab, expres\u00f3 la Embajada Americana en Ecuador.<\/p>\n\n\n\n<p>Entre los detenidos se mencion\u00f3 a Hern\u00e1n Ruilova Barzola principal detenido en esa operaci\u00f3n denominada \u2018Costa\u2019.<\/p>\n\n\n\n<p>El Ministro del Interior, John Reimberg precis\u00f3 que en la madrugfada de este tres de marzo se realizaron varios allanamientos en la Costa de Ecuador.<\/p>\n\n\n\n<p>Reimberg, quien lider\u00f3 el operativo en Guayaquil junto al comandante general de la Policia, indicc\u00f3 que un total de un mill\u00f3n de d\u00f3lares pertenece a una importante banda del crimen organizado.<\/p>\n\n\n\n<p>La Polic\u00eda Nacional confirm\u00f3 que la estructura golpeada es la mafia albanesa, vinculada a un caso de env\u00edo de drogas desde los puertos del pa\u00eds.<\/p>\n\n\n\n<p>De momento, se conoce que hay al menos 16 detenidos, entre ciudadanos ecuatorianos, holandeses y albaneses. Se trata de hombres y mujeres que fung\u00edan como financistas de la estructura delictiva, y colaboraban en el acopio y traslado de la droga. Adem\u00e1s se conoci\u00f3 que entre los detenidos est\u00e1 el exasable\u00edsta del Partido Social Cristiano Salom\u00f3n Fadul. (La rep)<\/p>\n","protected":false},"excerpt":{"rendered":"<p>A trav\u00e9s de un comunicado, la Embajada de EEUU en Ecuador inform\u00f3 que los Estados Unidos, Ecuador y Europol lideraron<\/p>\n","protected":false},"author":1,"featured_media":25726,"comment_status":"closed","ping_status":"closed","sticky":false,"template":"","format":"standard","meta":{"footnotes":""},"categories":[11,3,4],"tags":[],"_links":{"self":[{"href":"https:\/\/www.ecuadoraldia.com.ec\/index.php?rest_route=\/wp\/v2\/posts\/25725"}],"collection":[{"href":"https:\/\/www.ecuadoraldia.com.ec\/index.php?rest_route=\/wp\/v2\/posts"}],"about":[{"href":"https:\/\/www.ecuadoraldia.com.ec\/index.php?rest_route=\/wp\/v2\/types\/post"}],"author":[{"embeddable":true,"href":"https:\/\/www.ecuadoraldia.com.ec\/index.php?rest_route=\/wp\/v2\/users\/1"}],"replies":[{"embeddable":true,"href":"https:\/\/www.ecuadoraldia.com.ec\/index.php?rest_route=%2Fwp%2Fv2%2Fcomments&post=25725"}],"version-history":[{"count":2,"href":"https:\/\/www.ecuadoraldia.com.ec\/index.php?rest_route=\/wp\/v2\/posts\/25725\/revisions"}],"predecessor-version":[{"id":25728,"href":"https:\/\/www.ecuadoraldia.com.ec\/index.php?rest_route=\/wp\/v2\/posts\/25725\/revisions\/25728"}],"wp:featuredmedia":[{"embeddable":true,"href":"https:\/\/www.ecuadoraldia.com.ec\/index.php?rest_route=\/wp\/v2\/media\/25726"}],"wp:attachment":[{"href":"https:\/\/www.ecuadoraldia.com.ec\/index.php?rest_route=%2Fwp%2Fv2%2Fmedia&parent=25725"}],"wp:term":[{"taxonomy":"category","embeddable":true,"href":"https:\/\/www.ecuadoraldia.com.ec\/index.php?rest_route=%2Fwp%2Fv2%2Fcategories&post=25725"},{"taxonomy":"post_tag","embeddable":true,"href":"https:\/\/www.ecuadoraldia.com.ec\/index.php?rest_route=%2Fwp%2Fv2%2Ftags&post=25725"}],"curies":[{"name":"wp","href":"https:\/\/api.w.org\/{rel}","templated":true}]}}