{"id":25736,"date":"2026-03-13T12:01:11","date_gmt":"2026-03-13T17:01:11","guid":{"rendered":"https:\/\/www.ecuadoraldia.com.ec\/?p=25736"},"modified":"2026-03-13T12:01:12","modified_gmt":"2026-03-13T17:01:12","slug":"lideres-empresariales-analizaron-las-perspectivas-logisticas-del-pais-para-el-202","status":"publish","type":"post","link":"https:\/\/www.ecuadoraldia.com.ec\/?p=25736","title":{"rendered":"L\u00edderes empresariales analizaron las perspectivas log\u00edsticas del pa\u00eds para el 202"},"content":{"rendered":"\n<p>Quito, 13 de marzo 2026.-Itulpark, en alianza con la Asociaci\u00f3n Log\u00edstica del Ecuador (ASOLOG), realiz\u00f3 un encuentro en el Centro Log\u00edstico Itulpark, en Quito, para analizar las perspectivas log\u00edsticas del pa\u00eds hacia 2026. El espacio reuni\u00f3 a representantes del sector p\u00fablico y privado, entre ellos el exministro de Producci\u00f3n, Julio Jos\u00e9 Prado, quienes reflexionaron sobre los principales retos y oportunidades para fortalecer la log\u00edstica, la producci\u00f3n y el comercio exterior en Ecuador.<\/p>\n\n\n\n<p>Durante la jornada se destac\u00f3 el crecimiento del comercio exterior ecuatoriano. Entre enero y octubre de 2025, las exportaciones no petroleras alcanzaron USD 23.967 millones, con un incremento interanual del 20%. <em>\u201cEste dinamismo confirma la importancia de contar con infraestructura log\u00edstica moderna que acompa\u00f1e el crecimiento de las empresas y fortalezca la competitividad del pa\u00eds\u201d<\/em>, se\u00f1al\u00f3 Rafael Arcos, gerente general de Itulpark.<\/p>\n\n\n\n<p>En este contexto, el centro log\u00edstico reafirma su compromiso de impulsar el desarrollo log\u00edstico del Ecuador mediante infraestructura de alto est\u00e1ndar, tecnolog\u00eda y soluciones integrales para las empresas. Rafael Arcos subray\u00f3 adem\u00e1s la importancia de integrar innovaci\u00f3n, sostenibilidad y planificaci\u00f3n estrat\u00e9gica para fortalecer la cadena log\u00edstica y potenciar la conectividad del pa\u00eds. El encuentro concluy\u00f3 con un recorrido por las instalaciones del parque log\u00edstico, donde los asistentes conocieron de cerca su infraestructura y las soluciones dise\u00f1adas para optimizar las operaciones log\u00edsticas y productivas de las empresas.<\/p>\n\n\n\n<figure class=\"wp-block-gallery has-nested-images columns-default is-cropped wp-block-gallery-1 is-layout-flex wp-block-gallery-is-layout-flex\">\n<figure class=\"wp-block-image size-large\"><a href=\"https:\/\/www.ecuadoraldia.com.ec\/wp-content\/uploads\/2026\/03\/p2-2026-03-13-115739.png\"><img loading=\"lazy\" decoding=\"async\" width=\"781\" height=\"299\" data-id=\"25738\" src=\"https:\/\/www.ecuadoraldia.com.ec\/wp-content\/uploads\/2026\/03\/p2-2026-03-13-115739.png\" alt=\"\" class=\"wp-image-25738\" srcset=\"https:\/\/www.ecuadoraldia.com.ec\/wp-content\/uploads\/2026\/03\/p2-2026-03-13-115739.png 781w, https:\/\/www.ecuadoraldia.com.ec\/wp-content\/uploads\/2026\/03\/p2-2026-03-13-115739-300x115.png 300w, https:\/\/www.ecuadoraldia.com.ec\/wp-content\/uploads\/2026\/03\/p2-2026-03-13-115739-768x294.png 768w\" sizes=\"(max-width: 781px) 100vw, 781px\" \/><\/a><\/figure>\n<\/figure>\n","protected":false},"excerpt":{"rendered":"<p>Quito, 13 de marzo 2026.-Itulpark, en alianza con la Asociaci\u00f3n Log\u00edstica del Ecuador (ASOLOG), realiz\u00f3 un encuentro en el Centro<\/p>\n","protected":false},"author":1,"featured_media":25737,"comment_status":"closed","ping_status":"closed","sticky":false,"template":"","format":"standard","meta":{"footnotes":""},"categories":[9,11],"tags":[],"_links":{"self":[{"href":"https:\/\/www.ecuadoraldia.com.ec\/index.php?rest_route=\/wp\/v2\/posts\/25736"}],"collection":[{"href":"https:\/\/www.ecuadoraldia.com.ec\/index.php?rest_route=\/wp\/v2\/posts"}],"about":[{"href":"https:\/\/www.ecuadoraldia.com.ec\/index.php?rest_route=\/wp\/v2\/types\/post"}],"author":[{"embeddable":true,"href":"https:\/\/www.ecuadoraldia.com.ec\/index.php?rest_route=\/wp\/v2\/users\/1"}],"replies":[{"embeddable":true,"href":"https:\/\/www.ecuadoraldia.com.ec\/index.php?rest_route=%2Fwp%2Fv2%2Fcomments&post=25736"}],"version-history":[{"count":1,"href":"https:\/\/www.ecuadoraldia.com.ec\/index.php?rest_route=\/wp\/v2\/posts\/25736\/revisions"}],"predecessor-version":[{"id":25739,"href":"https:\/\/www.ecuadoraldia.com.ec\/index.php?rest_route=\/wp\/v2\/posts\/25736\/revisions\/25739"}],"wp:featuredmedia":[{"embeddable":true,"href":"https:\/\/www.ecuadoraldia.com.ec\/index.php?rest_route=\/wp\/v2\/media\/25737"}],"wp:attachment":[{"href":"https:\/\/www.ecuadoraldia.com.ec\/index.php?rest_route=%2Fwp%2Fv2%2Fmedia&parent=25736"}],"wp:term":[{"taxonomy":"category","embeddable":true,"href":"https:\/\/www.ecuadoraldia.com.ec\/index.php?rest_route=%2Fwp%2Fv2%2Fcategories&post=25736"},{"taxonomy":"post_tag","embeddable":true,"href":"https:\/\/www.ecuadoraldia.com.ec\/index.php?rest_route=%2Fwp%2Fv2%2Ftags&post=25736"}],"curies":[{"name":"wp","href":"https:\/\/api.w.org\/{rel}","templated":true}]}}