{"id":25757,"date":"2026-03-25T17:41:37","date_gmt":"2026-03-25T22:41:37","guid":{"rendered":"https:\/\/www.ecuadoraldia.com.ec\/?p=25757"},"modified":"2026-03-25T17:41:38","modified_gmt":"2026-03-25T22:41:38","slug":"si-habra-reunion-con-colombia-por-la-guerra-comercial","status":"publish","type":"post","link":"https:\/\/www.ecuadoraldia.com.ec\/?p=25757","title":{"rendered":"Si habr\u00e1 reuni\u00f3n con Colombia por la guerra comercial"},"content":{"rendered":"\n<p>Quito, 25 de marzo de 2026. La Canciller\u00eda ecuatoriana confirm\u00f3 que&nbsp;s\u00ed se realizar\u00e1 la reuni\u00f3n entre las delegaciones de Ecuador y Colombia la tarde de este 25 de marzo de 2026, ante noticias de medios del pa\u00eds vecino que dec\u00edan que se hab\u00eda cancelado.<\/p>\n\n\n\n<p>&nbsp;La cita estaba planificada para este 25 y 26 de marzo de 2026, en Lima, Per\u00fa, en la&nbsp;sede de la Comunidad Andina de Naciones (CAN),&nbsp;pero ni bien empez\u00f3 la jornada, en la ma\u00f1ana&nbsp;circularon noticias de medios colombianos de una posible cancelaci\u00f3n.<\/p>\n\n\n\n<p>Incluso la C\u00e1mara Colombo Ecuatoriana inform\u00f3 a sus socios que, por pedido de Ecuador, los cancilleres de los dos pa\u00edses tendr\u00e1n un encuentro virtual, pero no precis\u00f3 la fecha.<\/p>\n\n\n\n<p>Frontera bloqueada en Rumichaca asfixia a Carchi | Agencias de aduanas operan sin ingresos y eval\u00faan reducir jornadas para evitar despidos<\/p>\n\n\n\n<p>Pero a las 12:40 de este lunes, desde la Canciller\u00eda de Ecuador se inform\u00f3 que&nbsp;la reuni\u00f3n prevista entre las delegaciones de Ecuador y Colombia no se ha postergado y que&nbsp;se dar\u00e1 en la tarde.<\/p>\n\n\n\n<p>Este encuentro tiene como objetivo buscar una soluci\u00f3n a la guerra comercial en la que est\u00e1n inmersos los dos pa\u00edses. El secretario general de la CAN, el embajador peruano Gonzalo Guti\u00e9rrez, actuar\u00e1 como mediador.<\/p>\n\n\n\n<p>Seg\u00fan un comunicado del organismo regional, el objetivo es \u00abpropiciar consensos que propendan a alcanzar un entendimiento mutuamente satisfactorio que permita superar las divergencias existentes entre ambos pa\u00edses\u00bb.<\/p>\n\n\n\n<p>La guerra de aranceles entre los dos pa\u00edses ha generado p\u00e9rdidas en la frontera com\u00fan, los comerciantes aseguran que se han cerrado negocios, despidos de empleados. El transporte de mercanc\u00edas en tracto camones tambi\u00e9n han mermado.<\/p>\n","protected":false},"excerpt":{"rendered":"<p>Quito, 25 de marzo de 2026. La Canciller\u00eda ecuatoriana confirm\u00f3 que&nbsp;s\u00ed se realizar\u00e1 la reuni\u00f3n entre las delegaciones de Ecuador<\/p>\n","protected":false},"author":1,"featured_media":25758,"comment_status":"closed","ping_status":"closed","sticky":false,"template":"","format":"standard","meta":{"footnotes":""},"categories":[10,7,11,3],"tags":[],"_links":{"self":[{"href":"https:\/\/www.ecuadoraldia.com.ec\/index.php?rest_route=\/wp\/v2\/posts\/25757"}],"collection":[{"href":"https:\/\/www.ecuadoraldia.com.ec\/index.php?rest_route=\/wp\/v2\/posts"}],"about":[{"href":"https:\/\/www.ecuadoraldia.com.ec\/index.php?rest_route=\/wp\/v2\/types\/post"}],"author":[{"embeddable":true,"href":"https:\/\/www.ecuadoraldia.com.ec\/index.php?rest_route=\/wp\/v2\/users\/1"}],"replies":[{"embeddable":true,"href":"https:\/\/www.ecuadoraldia.com.ec\/index.php?rest_route=%2Fwp%2Fv2%2Fcomments&post=25757"}],"version-history":[{"count":1,"href":"https:\/\/www.ecuadoraldia.com.ec\/index.php?rest_route=\/wp\/v2\/posts\/25757\/revisions"}],"predecessor-version":[{"id":25759,"href":"https:\/\/www.ecuadoraldia.com.ec\/index.php?rest_route=\/wp\/v2\/posts\/25757\/revisions\/25759"}],"wp:featuredmedia":[{"embeddable":true,"href":"https:\/\/www.ecuadoraldia.com.ec\/index.php?rest_route=\/wp\/v2\/media\/25758"}],"wp:attachment":[{"href":"https:\/\/www.ecuadoraldia.com.ec\/index.php?rest_route=%2Fwp%2Fv2%2Fmedia&parent=25757"}],"wp:term":[{"taxonomy":"category","embeddable":true,"href":"https:\/\/www.ecuadoraldia.com.ec\/index.php?rest_route=%2Fwp%2Fv2%2Fcategories&post=25757"},{"taxonomy":"post_tag","embeddable":true,"href":"https:\/\/www.ecuadoraldia.com.ec\/index.php?rest_route=%2Fwp%2Fv2%2Ftags&post=25757"}],"curies":[{"name":"wp","href":"https:\/\/api.w.org\/{rel}","templated":true}]}}