{"id":25798,"date":"2026-04-29T08:23:57","date_gmt":"2026-04-29T13:23:57","guid":{"rendered":"https:\/\/www.ecuadoraldia.com.ec\/?p=25798"},"modified":"2026-04-29T08:25:46","modified_gmt":"2026-04-29T13:25:46","slug":"toque-de-queda-via-decreto","status":"publish","type":"post","link":"https:\/\/www.ecuadoraldia.com.ec\/?p=25798","title":{"rendered":"Toque de queda v\u00eda decreto"},"content":{"rendered":"\n<p>A trav\u00e9s del Decreto Ejecutivo 370, el presidente, Daniel Noboa, oficializ\u00f3 el toque de queda que entrar\u00e1 en vigencia desde la medianoche del 3 de mayo hasta el 18 de mayo de 2026.<\/p>\n\n\n\n<p>La medida regir\u00e1 en nueve provincias y cuatro cantones que son: Guayas, Manab\u00ed, Santa Elena, Los R\u00edos, El Oro, Pichincha, Esmeraldas, Santo Domingo de los Ts\u00e1chilas y Sucumb\u00edos, as\u00ed como en los cantones La Man\u00e1 (Cotopaxi), Las Naves (Bol\u00edvar), Echeand\u00eda (Bol\u00edvar) y La Troncal (Ca\u00f1ar).<\/p>\n\n\n\n<p>En el decreto constan que hay excepciones de la suspensi\u00f3n del derecho a la libertad de tr\u00e1nsito como para los servicios de salud de la red nacional p\u00fablica y la red privada complementaria, para la fuerza p\u00fablica, entidades complementarias de seguridad y servicios de gesti\u00f3n de riesgos, emergencias y desastres.<\/p>\n\n\n\n<p>Se realizar\u00e1 la verificaci\u00f3n y control del r\u00e9gimen de excepcionalidad a toda persona que circule en el horario de suspensi\u00f3n del derecho a la libertad de tr\u00e1nsito y que ser\u00e1n efectuados considerando las<\/p>\n\n\n\n<p>particularidades de cada caso de forma racional y proporcional, observando el contexto de necesidad y emergencia de la persona que requiera desplazarse o movilizarse mientras rige la medida excepcional.<\/p>\n\n\n\n<p>Hay criticas por parte de diferentes sectores productivos por la medida del gobierno, debido a que se generan p\u00e9rdidas econ\u00f3micas en bares, discotecas y conciertos programados para estas fechas, como el caso de Quito. Por ejemplo, entre el 3 y 18 de mayo, alrededor de 17 conciertos y eventos se encuentran en riesgo de cancelaci\u00f3n o reprogramaci\u00f3n.<\/p>\n\n\n\n<p>Adem\u00e1s de la restricci\u00f3n a la movilidad nocturna, el decreto contempla la suspensi\u00f3n temporal de los derechos a la inviolabilidad de domicilio y de correspondencia.<\/p>\n\n\n\n<p>En el caso de la inviolabilidad de domicilio, la medida permitir\u00e1 a la fuerza p\u00fablica realizar allanamientos inmediatos cuando existan indicios objetivos y razonables de que en un inmueble se ocultan integrantes de grupos armados organizados o estructuras de delincuencia organizada, o cuando en su interior se encuentren armas, municiones, explosivos, sustancias sujetas a fiscalizaci\u00f3n u otros elementos vinculados con actividades il\u00edcitas.<\/p>\n","protected":false},"excerpt":{"rendered":"<p>A trav\u00e9s del Decreto Ejecutivo 370, el presidente, Daniel Noboa, oficializ\u00f3 el toque de queda que entrar\u00e1 en vigencia desde<\/p>\n","protected":false},"author":1,"featured_media":25381,"comment_status":"closed","ping_status":"closed","sticky":false,"template":"","format":"standard","meta":{"footnotes":""},"categories":[11,3],"tags":[],"_links":{"self":[{"href":"https:\/\/www.ecuadoraldia.com.ec\/index.php?rest_route=\/wp\/v2\/posts\/25798"}],"collection":[{"href":"https:\/\/www.ecuadoraldia.com.ec\/index.php?rest_route=\/wp\/v2\/posts"}],"about":[{"href":"https:\/\/www.ecuadoraldia.com.ec\/index.php?rest_route=\/wp\/v2\/types\/post"}],"author":[{"embeddable":true,"href":"https:\/\/www.ecuadoraldia.com.ec\/index.php?rest_route=\/wp\/v2\/users\/1"}],"replies":[{"embeddable":true,"href":"https:\/\/www.ecuadoraldia.com.ec\/index.php?rest_route=%2Fwp%2Fv2%2Fcomments&post=25798"}],"version-history":[{"count":2,"href":"https:\/\/www.ecuadoraldia.com.ec\/index.php?rest_route=\/wp\/v2\/posts\/25798\/revisions"}],"predecessor-version":[{"id":25800,"href":"https:\/\/www.ecuadoraldia.com.ec\/index.php?rest_route=\/wp\/v2\/posts\/25798\/revisions\/25800"}],"wp:featuredmedia":[{"embeddable":true,"href":"https:\/\/www.ecuadoraldia.com.ec\/index.php?rest_route=\/wp\/v2\/media\/25381"}],"wp:attachment":[{"href":"https:\/\/www.ecuadoraldia.com.ec\/index.php?rest_route=%2Fwp%2Fv2%2Fmedia&parent=25798"}],"wp:term":[{"taxonomy":"category","embeddable":true,"href":"https:\/\/www.ecuadoraldia.com.ec\/index.php?rest_route=%2Fwp%2Fv2%2Fcategories&post=25798"},{"taxonomy":"post_tag","embeddable":true,"href":"https:\/\/www.ecuadoraldia.com.ec\/index.php?rest_route=%2Fwp%2Fv2%2Ftags&post=25798"}],"curies":[{"name":"wp","href":"https:\/\/api.w.org\/{rel}","templated":true}]}}