{"id":25804,"date":"2026-04-30T14:00:41","date_gmt":"2026-04-30T19:00:41","guid":{"rendered":"https:\/\/www.ecuadoraldia.com.ec\/?p=25804"},"modified":"2026-04-30T14:00:42","modified_gmt":"2026-04-30T19:00:42","slug":"municipio-de-quito-activa-plan-de-contingencia-ante-el-toque-de-queda","status":"publish","type":"post","link":"https:\/\/www.ecuadoraldia.com.ec\/?p=25804","title":{"rendered":"Municipio de Quito activa plan de contingencia ante el toque de queda"},"content":{"rendered":"\n<p>Ante la vigencia del Decreto Ejecutivo 370 emitido por el Gobierno Nacional, que establece restricciones de movilidad nocturna, el Municipio de Quito, a trav\u00e9s de la Secretar\u00eda de Desarrollo Econ\u00f3mico y Productivo y sus entidades adscritas, activ\u00f3 un plan integral de contingencia para asegurar la continuidad operativa de los sectores estrat\u00e9gicos de la ciudad.<\/p>\n\n\n\n<p>El objetivo es garantizar el abastecimiento de alimentos, la operaci\u00f3n aeroportuaria, la actividad tur\u00edstica, el funcionamiento de los centros de comercio mayorista y minorista, as\u00ed como la seguridad y movilidad de trabajadores, usuarios y ciudadan\u00eda en general.<\/p>\n\n\n\n<p>Operaci\u00f3n aeroportuaria sin interrupciones<\/p>\n\n\n\n<p>El Aeropuerto Internacional Mariscal Sucre de Quito seguir\u00e1 operando con total normalidad. Todos los servicios, entre ellos el de la seguridad aeroportuaria, a cargo de la Empresa P\u00fablica Metropolitana de Servicios Aeroportuarios (EPMSA), est\u00e1n garantizados y se mantendr\u00e1n de forma continua e ininterrumpida para brindar atenci\u00f3n oportuna a los usuarios de la terminal a\u00e9rea de la capital.<\/p>\n\n\n\n<p>En funci\u00f3n de las recomendaciones del operador aeroportuario, Quiport, se sugiere a pasajeros con vuelos programados que lleven consigo su boleto o pase de abordar, as\u00ed como los documentos de identidad: c\u00e9dula o pasaporte. Para el caso de quienes se encarguen de su traslado deber\u00e1n justificar la movilidad respectiva con el boleto o pase de abordar del viajero.<\/p>\n\n\n\n<p>Turismo articula medidas preventivas<\/p>\n\n\n\n<p>La capital se mantiene activa, organizada y lista para recibir a turistas nacionales e internacionales que deseen descubrir todo lo que ofrece la ciudad m\u00e1s linda del mundo. Quito Turismo se solidariza con el sector tur\u00edstico, uno de los m\u00e1s impactados por estas disposiciones, y reafirma que, gracias al trabajo articulado del Municipio de Quito junto a actores p\u00fablicos y privados, los eventos programados continuar\u00e1n, ajust\u00e1ndose a los horarios establecidos en el decreto ejecutivo.<\/p>\n\n\n\n<p>En este marco, a partir del 3 de mayo, el ConveningLatam PCMA 2026, gestionado desde 2025 y considerado el encuentro m\u00e1s importante de la regi\u00f3n para el turismo de eventos, reuniones y negocios, con la participaci\u00f3n de expositores internacionales, ha ajustado sus horarios para garantizar su desarrollo entre el 3 y el 5 de mayo, en coordinaci\u00f3n con el Centro de Convenciones Metropolitano de Quito y el sector hotelero.<\/p>\n\n\n\n<p>De igual manera, el concierto de Mon Laferte, previsto para el 12 de mayo, modifica su horario de inicio de las 20h00 a las 18h00. Este cambio, realizado en el marco de una alianza p\u00fablico-privada entre Quito Turismo y la productora de la artista, ha sido socializado con el sector para ajustar la oferta tur\u00edstica antes y despu\u00e9s del evento.<\/p>\n\n\n\n<p>Todas las actividades regulares y permanentes de la empresa contin\u00faan ejecut\u00e1ndose, adapt\u00e1ndose a los horarios permitidos. Reiteramos que el trabajo conjunto con el sector es fundamental y que, a trav\u00e9s de Quito Turismo y el Municipio de Quito, se sigue apoyando y gestionando acciones en beneficio de toda la cadena tur\u00edstica.<\/p>\n\n\n\n<p>Mercado Mayorista garantiza abastecimiento de alimentos<\/p>\n\n\n\n<p>La Empresa P\u00fablica Metropolitana Mercado Mayorista de Quito se activar\u00e1 con horarios especiales. Mientras dure la medida, el Mercado Mayorista estar\u00e1 abierto todos los d\u00edas, entre las 06h00 y 20h00.<\/p>\n\n\n\n<p>Las principales medidas a seguir ya fueron acordadas con los comerciantes y entre ellas se encuentran: cambios temporales de horarios de atenci\u00f3n, carga y descarga, ampliaci\u00f3n de horarios de recaudaci\u00f3n, operativos de movilidad y control perimetral, coordinaci\u00f3n con Polic\u00eda Nacional y Fuerzas Armadas, monitoreo diario y comunicaci\u00f3n permanente por fuentes oficiales.<\/p>\n","protected":false},"excerpt":{"rendered":"<p>Ante la vigencia del Decreto Ejecutivo 370 emitido por el Gobierno Nacional, que establece restricciones de movilidad nocturna, el Municipio<\/p>\n","protected":false},"author":1,"featured_media":25805,"comment_status":"closed","ping_status":"closed","sticky":false,"template":"","format":"standard","meta":{"footnotes":""},"categories":[14],"tags":[],"_links":{"self":[{"href":"https:\/\/www.ecuadoraldia.com.ec\/index.php?rest_route=\/wp\/v2\/posts\/25804"}],"collection":[{"href":"https:\/\/www.ecuadoraldia.com.ec\/index.php?rest_route=\/wp\/v2\/posts"}],"about":[{"href":"https:\/\/www.ecuadoraldia.com.ec\/index.php?rest_route=\/wp\/v2\/types\/post"}],"author":[{"embeddable":true,"href":"https:\/\/www.ecuadoraldia.com.ec\/index.php?rest_route=\/wp\/v2\/users\/1"}],"replies":[{"embeddable":true,"href":"https:\/\/www.ecuadoraldia.com.ec\/index.php?rest_route=%2Fwp%2Fv2%2Fcomments&post=25804"}],"version-history":[{"count":1,"href":"https:\/\/www.ecuadoraldia.com.ec\/index.php?rest_route=\/wp\/v2\/posts\/25804\/revisions"}],"predecessor-version":[{"id":25806,"href":"https:\/\/www.ecuadoraldia.com.ec\/index.php?rest_route=\/wp\/v2\/posts\/25804\/revisions\/25806"}],"wp:featuredmedia":[{"embeddable":true,"href":"https:\/\/www.ecuadoraldia.com.ec\/index.php?rest_route=\/wp\/v2\/media\/25805"}],"wp:attachment":[{"href":"https:\/\/www.ecuadoraldia.com.ec\/index.php?rest_route=%2Fwp%2Fv2%2Fmedia&parent=25804"}],"wp:term":[{"taxonomy":"category","embeddable":true,"href":"https:\/\/www.ecuadoraldia.com.ec\/index.php?rest_route=%2Fwp%2Fv2%2Fcategories&post=25804"},{"taxonomy":"post_tag","embeddable":true,"href":"https:\/\/www.ecuadoraldia.com.ec\/index.php?rest_route=%2Fwp%2Fv2%2Ftags&post=25804"}],"curies":[{"name":"wp","href":"https:\/\/api.w.org\/{rel}","templated":true}]}}