{"id":26153,"date":"2026-08-31T16:52:00","date_gmt":"2026-08-31T21:52:00","guid":{"rendered":"https:\/\/www.ecuadoraldia.com.ec\/?p=26153"},"modified":"2026-08-31T16:55:46","modified_gmt":"2026-08-31T21:55:46","slug":"mas-de-23-millones-de-hogares-enfrentan-deficit-habitacional-el-voluntariado-corporativo-impulsa-soluciones-concretas","status":"publish","type":"post","link":"https:\/\/www.ecuadoraldia.com.ec\/?p=26153","title":{"rendered":"M\u00e1s de 2,3 millones de hogares enfrentan d\u00e9ficit habitacional: el voluntariado corporativo impulsa soluciones concretas"},"content":{"rendered":"\n<p><strong>Quito, 31 de agosto de 2026<\/strong>.- En Ecuador, el acceso a una vivienda adecuada contin\u00faa siendo uno de los principales desaf\u00edos sociales. De acuerdo con los resultados del Censo de Poblaci\u00f3n y Vivienda, el 46,2% de las viviendas del pa\u00eds presenta alg\u00fan tipo de d\u00e9ficit habitacional, lo que representa m\u00e1s de 2,3 millones de hogares que enfrentan condiciones inadecuadas de infraestructura, hacinamiento o acceso a servicios b\u00e1sicos.<\/p>\n\n\n\n<p>Esta realidad ha impulsado que organizaciones de la sociedad civil, empresas y voluntarios unan esfuerzos para ofrecer respuestas inmediatas a familias que viven en condiciones de vulnerabilidad. Si bien estas iniciativas no reemplazan las pol\u00edticas p\u00fablicas de vivienda, s\u00ed representan una alternativa para mejorar las condiciones de vida de quienes requieren atenci\u00f3n urgente y para fortalecer el tejido comunitario.<\/p>\n\n\n\n<p>En este contexto, DHL Express Ecuador, en alianza con TECHO, desarroll\u00f3 una jornada de voluntariado para la construcci\u00f3n de una vivienda de emergencia destinada a una familia de cinco integrantes. Durante tres d\u00edas, 45 colaboradores participaron de manera voluntaria en la edificaci\u00f3n del inmueble, aportando su tiempo y trabajo para que la familia cuente con un espacio m\u00e1s seguro y digno.<\/p>\n\n\n\n<p>Esta iniciativa tambi\u00e9n se enmarca en <strong>GoHelp<\/strong>, uno de los programas globales de Responsabilidad Corporativa de DHL Group, orientado a fortalecer la resiliencia de las comunidades y brindar apoyo a personas en situaci\u00f3n de vulnerabilidad. A trav\u00e9s de este programa, DHL promueve la participaci\u00f3n activa de sus colaboradores en proyectos de impacto social que contribuyen a mejorar las condiciones de vida de las comunidades donde opera. La alianza con TECHO refleja este compromiso y se alinea especialmente con el <strong>Objetivo de Desarrollo Sostenible (ODS) 11: Ciudades y Comunidades Sostenibles<\/strong>, al impulsar el acceso a viviendas m\u00e1s seguras y dignas, as\u00ed como con el <strong>ODS 17: Alianzas para lograr los objetivos<\/strong>, mediante la colaboraci\u00f3n entre el sector privado, organizaciones sociales y comunidades para generar un impacto positivo y sostenible.<\/p>\n\n\n\n<p>\u00abCada acci\u00f3n de voluntariado representa una oportunidad para conectar personas y mejorar vidas. En DHL Express creemos que el verdadero impacto se construye cuando ponemos nuestras capacidades, nuestro tiempo y nuestro compromiso al servicio de quienes m\u00e1s lo necesitan. Esta alianza con TECHO refleja nuestra convicci\u00f3n de que la colaboraci\u00f3n es una herramienta poderosa para impulsar un cambio positivo y contribuir al desarrollo de comunidades m\u00e1s resilientes. A trav\u00e9s de iniciativas como esta, reafirmamos nuestro compromiso con GoHelp y con los Objetivos de Desarrollo Sostenible, promoviendo acciones concretas que generan oportunidades y bienestar para las familias ecuatorianas.\u201d<\/p>\n\n\n\n<p>Edith Villavicencio, Gerente General de DHL Express Ecuador.<\/p>\n\n\n\n<p>La compa\u00f1\u00eda mantiene una relaci\u00f3n de aproximadamente tres a\u00f1os con TECHO y, desde hace m\u00e1s de una d\u00e9cada, desarrolla proyectos junto a Aldeas Infantiles SOS, enfocados en el bienestar de ni\u00f1os, ni\u00f1as, adolescentes y sus familias. Estas alianzas buscan potenciar el impacto del voluntariado corporativo y generar oportunidades para las comunidades donde opera.<\/p>\n\n\n\n<p>\u00abUna vivienda representa mucho m\u00e1s que un techo; brinda seguridad, estabilidad y la oportunidad de transformar la vida de una familia. Nos enorgullece que nuestros colaboradores, junto a TECHO, contribuyan con su tiempo y compromiso para hacer posible este cambio. Estas iniciativas reflejan el impacto que podemos generar cuando trabajamos unidos por un mismo prop\u00f3sito\u00bb, se\u00f1al\u00f3 Pablo Almeida, Champiom de DHL Express Ecuador.<\/p>\n\n\n\n<p>Especialistas en desarrollo social coinciden en que la articulaci\u00f3n entre el sector privado y organizaciones comunitarias contribuye a ampliar el alcance de iniciativas que promueven mejores condiciones de vida. En un contexto donde el d\u00e9ficit habitacional contin\u00faa siendo uno de los retos m\u00e1s importantes del pa\u00eds, la participaci\u00f3n de voluntarios y cooperaci\u00f3n interinstitucional se convierten en un factor clave para impulsar soluciones concretas y sostenibles.<strong><\/strong><\/p>\n","protected":false},"excerpt":{"rendered":"<p>Quito, 31 de agosto de 2026.- En Ecuador, el acceso a una vivienda adecuada contin\u00faa siendo uno de los principales<\/p>\n","protected":false},"author":1,"featured_media":26155,"comment_status":"closed","ping_status":"closed","sticky":false,"template":"","format":"standard","meta":{"footnotes":""},"categories":[11,3,4],"tags":[],"_links":{"self":[{"href":"https:\/\/www.ecuadoraldia.com.ec\/index.php?rest_route=\/wp\/v2\/posts\/26153"}],"collection":[{"href":"https:\/\/www.ecuadoraldia.com.ec\/index.php?rest_route=\/wp\/v2\/posts"}],"about":[{"href":"https:\/\/www.ecuadoraldia.com.ec\/index.php?rest_route=\/wp\/v2\/types\/post"}],"author":[{"embeddable":true,"href":"https:\/\/www.ecuadoraldia.com.ec\/index.php?rest_route=\/wp\/v2\/users\/1"}],"replies":[{"embeddable":true,"href":"https:\/\/www.ecuadoraldia.com.ec\/index.php?rest_route=%2Fwp%2Fv2%2Fcomments&post=26153"}],"version-history":[{"count":1,"href":"https:\/\/www.ecuadoraldia.com.ec\/index.php?rest_route=\/wp\/v2\/posts\/26153\/revisions"}],"predecessor-version":[{"id":26154,"href":"https:\/\/www.ecuadoraldia.com.ec\/index.php?rest_route=\/wp\/v2\/posts\/26153\/revisions\/26154"}],"wp:featuredmedia":[{"embeddable":true,"href":"https:\/\/www.ecuadoraldia.com.ec\/index.php?rest_route=\/wp\/v2\/media\/26155"}],"wp:attachment":[{"href":"https:\/\/www.ecuadoraldia.com.ec\/index.php?rest_route=%2Fwp%2Fv2%2Fmedia&parent=26153"}],"wp:term":[{"taxonomy":"category","embeddable":true,"href":"https:\/\/www.ecuadoraldia.com.ec\/index.php?rest_route=%2Fwp%2Fv2%2Fcategories&post=26153"},{"taxonomy":"post_tag","embeddable":true,"href":"https:\/\/www.ecuadoraldia.com.ec\/index.php?rest_route=%2Fwp%2Fv2%2Ftags&post=26153"}],"curies":[{"name":"wp","href":"https:\/\/api.w.org\/{rel}","templated":true}]}}