{"id":26159,"date":"2026-09-01T13:58:01","date_gmt":"2026-09-01T18:58:01","guid":{"rendered":"https:\/\/www.ecuadoraldia.com.ec\/?p=26159"},"modified":"2026-09-01T13:58:01","modified_gmt":"2026-09-01T18:58:01","slug":"petroecuador-ejecuta-acciones-frente-al-fenomeno-de-el-nino","status":"publish","type":"post","link":"https:\/\/www.ecuadoraldia.com.ec\/?p=26159","title":{"rendered":"Petroecuador ejecuta acciones frente al Fen\u00f3meno de El Ni\u00f1o."},"content":{"rendered":"\n<p>Quito, 1 de septiembre de 2026. La Empresa P\u00fablica Petroecuador, desde mayo de este a\u00f1o, activ\u00f3 un plan de acci\u00f3n integral para enfrentar los posibles impactos del Fen\u00f3meno El Ni\u00f1o Oscilaci\u00f3n del Sur (ENOS), con el objetivo de proteger su infraestructura estrat\u00e9gica, garantizar la continuidad de las operaciones hidrocarbur\u00edferas y mantener el suministro oportuno de combustibles y Gas Licuado de Petr\u00f3leo (GLP) a escala nacional.<\/p>\n\n\n\n<p>Como parte de esta estrategia, la empresa ejecut\u00f3 medidas preventivas en 27 puntos estrat\u00e9gicos identificados a nivel nacional, de los cuales 14 corresponden a sectores con condiciones que requieren monitoreo ante movimientos en masa y 13 a zonas donde se fortalecieron acciones de prevenci\u00f3n frente a eventuales inundaciones.<\/p>\n\n\n\n<p>&nbsp;\u00abEstas acciones preventivas reflejan nuestro compromiso con la seguridad, la continuidad operativa y la protecci\u00f3n del ambiente\u00bb, se\u00f1al\u00f3 Sebasti\u00e1n Maag Pardo, gerente general subrogante de Petroecuador, quien destac\u00f3 que la planificaci\u00f3n anticipada permite fortalecer la capacidad de respuesta de la empresa y proteger su infraestructura estrat\u00e9gica.<\/p>\n\n\n\n<p>De igual manera, se ejecutan trabajos de estabilizaci\u00f3n de taludes y obras de mitigaci\u00f3n, entre ellas muros de contenci\u00f3n, gaviones, bermas y sistemas de drenaje en puntos cr\u00edticos del Sistema Oleoducto Transecuatoriano (SOTE) y los poliductos Esmeraldas &#8211; Santo Domingo &#8211; Quito, Pascuales &#8211; Cuenca, terminales de combustibles, estaciones de bombeo, refiner\u00edas Esmeraldas y La Libertad, as\u00ed como otras instalaciones operativas consideradas estrat\u00e9gicas para el sector energ\u00e9tico nacional.&nbsp;<\/p>\n\n\n\n<p>En el \u00e1mbito tecnol\u00f3gico, se evaluaron alternativas de conectividad contingente y se priorizaron puntos estrat\u00e9gicos de monitoreo en el SOTE; en los poliductos Esmeraldas &#8211; Santo Domingo &#8211; Quito y Shushufindi-Quito; as\u00ed como en las terminales y estaciones estrat\u00e9gicas: Tres Bocas, Chorrillos, Santo Domingo y La Delicia. Actualmente, la empresa cuenta con un Sistema de Informaci\u00f3n Geogr\u00e1fica que permite integrar y analizar informaci\u00f3n en tiempo real a escala nacional, optimizando la toma de decisiones y reduciendo los tiempos de respuesta ante emergencias mediante el uso de cartograf\u00eda especializada sobre inundaciones y movimientos en masa.<\/p>\n\n\n\n<p>La empresa p\u00fablica mantiene una coordinaci\u00f3n permanente con los organismos nacionales de gesti\u00f3n de riesgos, comparte informaci\u00f3n geoespacial estrat\u00e9gica y participa activamente en los espacios de articulaci\u00f3n interinstitucional para fortalecer las acciones de prevenci\u00f3n y respuesta a nivel nacional. (Petroecuador EP)<\/p>\n","protected":false},"excerpt":{"rendered":"<p>Quito, 1 de septiembre de 2026. La Empresa P\u00fablica Petroecuador, desde mayo de este a\u00f1o, activ\u00f3 un plan de acci\u00f3n<\/p>\n","protected":false},"author":1,"featured_media":26160,"comment_status":"closed","ping_status":"closed","sticky":false,"template":"","format":"standard","meta":{"footnotes":""},"categories":[9,11,3],"tags":[],"_links":{"self":[{"href":"https:\/\/www.ecuadoraldia.com.ec\/index.php?rest_route=\/wp\/v2\/posts\/26159"}],"collection":[{"href":"https:\/\/www.ecuadoraldia.com.ec\/index.php?rest_route=\/wp\/v2\/posts"}],"about":[{"href":"https:\/\/www.ecuadoraldia.com.ec\/index.php?rest_route=\/wp\/v2\/types\/post"}],"author":[{"embeddable":true,"href":"https:\/\/www.ecuadoraldia.com.ec\/index.php?rest_route=\/wp\/v2\/users\/1"}],"replies":[{"embeddable":true,"href":"https:\/\/www.ecuadoraldia.com.ec\/index.php?rest_route=%2Fwp%2Fv2%2Fcomments&post=26159"}],"version-history":[{"count":1,"href":"https:\/\/www.ecuadoraldia.com.ec\/index.php?rest_route=\/wp\/v2\/posts\/26159\/revisions"}],"predecessor-version":[{"id":26161,"href":"https:\/\/www.ecuadoraldia.com.ec\/index.php?rest_route=\/wp\/v2\/posts\/26159\/revisions\/26161"}],"wp:featuredmedia":[{"embeddable":true,"href":"https:\/\/www.ecuadoraldia.com.ec\/index.php?rest_route=\/wp\/v2\/media\/26160"}],"wp:attachment":[{"href":"https:\/\/www.ecuadoraldia.com.ec\/index.php?rest_route=%2Fwp%2Fv2%2Fmedia&parent=26159"}],"wp:term":[{"taxonomy":"category","embeddable":true,"href":"https:\/\/www.ecuadoraldia.com.ec\/index.php?rest_route=%2Fwp%2Fv2%2Fcategories&post=26159"},{"taxonomy":"post_tag","embeddable":true,"href":"https:\/\/www.ecuadoraldia.com.ec\/index.php?rest_route=%2Fwp%2Fv2%2Ftags&post=26159"}],"curies":[{"name":"wp","href":"https:\/\/api.w.org\/{rel}","templated":true}]}}