{"id":26162,"date":"2026-09-01T14:44:26","date_gmt":"2026-09-01T19:44:26","guid":{"rendered":"https:\/\/www.ecuadoraldia.com.ec\/?p=26162"},"modified":"2026-09-01T14:44:27","modified_gmt":"2026-09-01T19:44:27","slug":"un-millon-setecientos-mil-estudiantes-retornaron-a-clases-en-el-periodo-2026-2027","status":"publish","type":"post","link":"https:\/\/www.ecuadoraldia.com.ec\/?p=26162","title":{"rendered":"Un mill\u00f3n setecientos mil estudiantes retornaron a clases en el per\u00edodo 2026-2027."},"content":{"rendered":"\n<p>Quito DM 1 de septiembre de 2026. Este 1 de septiembre de 2026 arranc\u00f3 un nuevo a\u00f1o lectivo en la Sierra y Amazonia, que incluye a m\u00e1s de 1,7 millones de estudiantes y unos cien mil docentes, luego de &nbsp;dos meses de vacaciones.&nbsp;<\/p>\n\n\n\n<p>El Ministerio de Educaci\u00f3n, Cultura y Deporte ha dispuesto un inicio de clases escalonado y este martes ingresaron los estudiantes del ciclo Inicial y de Bachillerato.&nbsp;Este cronograma es para el sistema fiscal, mientras que las instituciones particulares manejan sus propias fechas.&nbsp;<\/p>\n\n\n\n<p>Para este 2026 el Ministerio ha desplegado un plan llamado \u201cRetorno Seguro: 3, 2, 1 \u00a1Volvemos al aula!\u201d, que abarca varios frentes como la seguridad de los alumnos en escuelas y colegios priorizados.<\/p>\n\n\n\n<p>En una entrevista con Teleamazonas, la ministra de Educaci\u00f3n, Gilda Alc\u00edvar, asegur\u00f3 que las pol\u00edticas del Estado han permitido que la tasa de deserci\u00f3n escolar baj\u00f3 de cara al r\u00e9gimen en la Sierra y Amazon\u00eda.&nbsp;<\/p>\n\n\n\n<p>\u200bSeg\u00fan Alc\u00edvar, la deserci\u00f3n escolar, es decir, de ni\u00f1os y adolescentes que abandonan voluntariamente los estudios, es del 1%.<\/p>\n\n\n\n<p>M\u00e1s de 500 miembros de la Polic\u00eda Nacional, Guardia Ciudadana y de la Empresa Municipal de Movilidad (EMOV) se desplegar\u00e1n en Cuenca para el inicio del a\u00f1o lectivo, como parte del plan operativo &#8216;Vuelve a clases tranqui&#8217;.<\/p>\n\n\n\n<p>Este plan incluye una categorizaci\u00f3n territorial, que incluye el Centro Hist\u00f3rico, ejes urbanos, corredores sur\/suroeste y zonas periurbanas\/parroquiales de la provincia para garantizar la presencia de uniformados en puntos cr\u00edticos.<\/p>\n\n\n\n<p>El inicio de clases en el r\u00e9gimen escolar Sierra-Amazon\u00eda ser\u00e1 progresivo, y de la siguiente manera: el&nbsp;1 de septiembre, vuelven los estudiantes de&nbsp;Bachillerato e Inicial.<\/p>\n\n\n\n<p>El 2 de septiembre ser\u00e1 el turno de los alumnos de&nbsp;Educaci\u00f3n General B\u00e1sica Superior y Preparatoria.<\/p>\n\n\n\n<p>Mientras que el 3 de septiembre regresan los estudiantes de&nbsp;Educaci\u00f3n General B\u00e1sica Media y Elemental.<\/p>\n\n\n\n<p>Estudiantes del colegio Juan Montalvo de Quito, durante la inauguraci\u00f3n del a\u00f1o lectivo 2025-2026.Ministerio de Educaci\u00f3n<\/p>\n\n\n\n<p>Polic\u00eda podr\u00e1 revisar mochilas a estudiantes<\/p>\n\n\n\n<p>Una de las novedades de este ciclo escolar Sierra y Amazon\u00eda es la inclusi\u00f3n de 59 instituciones educativas de Quito en el llamado Plan Espejo, para resguardar a los estudiantes.<\/p>\n\n\n\n<p>\u200bComo parte de este plan, los polic\u00edas se ubicar\u00e1n en el exterior de los planteles priorizados y podr\u00e1n revisar las mochilas a los estudiantes, adelant\u00f3 el Ministerio de Educaci\u00f3n.&nbsp;<\/p>\n\n\n\n<p>\u200bAdem\u00e1s, unos 12.101 servidores policiales ser\u00e1n desplegados en m\u00e1s de 4.000 instituciones educativas del r\u00e9gimen Sierra-Amazon\u00eda.<\/p>\n\n\n\n<p>En algunos establecimientos los padres de familias han optado por carnetizar a los estudiantes, como medida preventiva para evitar infiltraciones de gente ajena a los colegios. Es decir, que los estudiantes deben portar el carn\u00e9 en una parte visible, para poder ser controlados por los guardias y conserjes en la puerta de entrada.<\/p>\n","protected":false},"excerpt":{"rendered":"<p>Quito DM 1 de septiembre de 2026. Este 1 de septiembre de 2026 arranc\u00f3 un nuevo a\u00f1o lectivo en la<\/p>\n","protected":false},"author":1,"featured_media":26163,"comment_status":"closed","ping_status":"closed","sticky":false,"template":"","format":"standard","meta":{"footnotes":""},"categories":[11,3,4],"tags":[],"_links":{"self":[{"href":"https:\/\/www.ecuadoraldia.com.ec\/index.php?rest_route=\/wp\/v2\/posts\/26162"}],"collection":[{"href":"https:\/\/www.ecuadoraldia.com.ec\/index.php?rest_route=\/wp\/v2\/posts"}],"about":[{"href":"https:\/\/www.ecuadoraldia.com.ec\/index.php?rest_route=\/wp\/v2\/types\/post"}],"author":[{"embeddable":true,"href":"https:\/\/www.ecuadoraldia.com.ec\/index.php?rest_route=\/wp\/v2\/users\/1"}],"replies":[{"embeddable":true,"href":"https:\/\/www.ecuadoraldia.com.ec\/index.php?rest_route=%2Fwp%2Fv2%2Fcomments&post=26162"}],"version-history":[{"count":1,"href":"https:\/\/www.ecuadoraldia.com.ec\/index.php?rest_route=\/wp\/v2\/posts\/26162\/revisions"}],"predecessor-version":[{"id":26164,"href":"https:\/\/www.ecuadoraldia.com.ec\/index.php?rest_route=\/wp\/v2\/posts\/26162\/revisions\/26164"}],"wp:featuredmedia":[{"embeddable":true,"href":"https:\/\/www.ecuadoraldia.com.ec\/index.php?rest_route=\/wp\/v2\/media\/26163"}],"wp:attachment":[{"href":"https:\/\/www.ecuadoraldia.com.ec\/index.php?rest_route=%2Fwp%2Fv2%2Fmedia&parent=26162"}],"wp:term":[{"taxonomy":"category","embeddable":true,"href":"https:\/\/www.ecuadoraldia.com.ec\/index.php?rest_route=%2Fwp%2Fv2%2Fcategories&post=26162"},{"taxonomy":"post_tag","embeddable":true,"href":"https:\/\/www.ecuadoraldia.com.ec\/index.php?rest_route=%2Fwp%2Fv2%2Ftags&post=26162"}],"curies":[{"name":"wp","href":"https:\/\/api.w.org\/{rel}","templated":true}]}}