{"id":26165,"date":"2026-09-01T16:08:13","date_gmt":"2026-09-01T21:08:13","guid":{"rendered":"https:\/\/www.ecuadoraldia.com.ec\/?p=26165"},"modified":"2026-09-01T16:08:14","modified_gmt":"2026-09-01T21:08:14","slug":"el-orgullo-de-ser-ecuatorianos-tambien-se-construye-desde-las-empresas-que-dejan-huella-en-el-pais","status":"publish","type":"post","link":"https:\/\/www.ecuadoraldia.com.ec\/?p=26165","title":{"rendered":"El orgullo de ser ecuatorianos tambi\u00e9n se construye desde las empresas que dejan huella en el pa\u00eds"},"content":{"rendered":"\n<p>Quito, 1 septiembre de 2026.-<strong> <\/strong>Sentirse orgulloso de ser ecuatoriano es reconocer el talento y la capacidad de un pa\u00eds que transforma su esfuerzo en productos y empresas capaces de competir en Ecuador y en el mundo. En 2025, el pa\u00eds alcanz\u00f3 USD 29.402 millones en exportaciones no petroleras, reflejando la fortaleza de sectores como el camar\u00f3n, cacao, banano y alimentos procesados. Bajo esta mirada, nace la iniciativa \u201cOrgullo que deja Huella\u201d, organizada por \u00a1Mucho mejor! Ecuador, MC Group y la Universidad T\u00e9cnica Particular de Loja (UTPL) para reconocer el valor de lo que construimos en Ecuador.<\/p>\n\n\n\n<p>El verdadero desaf\u00edo est\u00e1 en lograr que el mundo reconozca no solo lo que Ecuador produce, sino tambi\u00e9n las marcas y empresas que est\u00e1n detr\u00e1s de esos productos.<\/p>\n\n\n\n<p>Actualmente, cerca de 700 marcas vinculadas a \u00a1Mucho mejor! Ecuador forman parte de una comunidad empresarial que re\u00fane sectores como alimentos, manufactura, construcci\u00f3n, agroproducci\u00f3n, acuacultura, tecnolog\u00eda, salud, educaci\u00f3n y servicios. Adem\u00e1s, estas marcas est\u00e1n relacionadas con m\u00e1s de 125.000 empleos directos, reflejando el impacto que tiene la empresa ecuatoriana en la generaci\u00f3n de oportunidades para miles de familias.<\/p>\n\n\n\n<p>El D\u00eda del Orgullo Ecuatoriano, creado en 2019 naci\u00f3 para reconocer todo aquello que hacemos bien, nuestra producci\u00f3n, talento, gastronom\u00eda, cultura y paisajes. Hoy, esta fecha invita a transformar ese sentimiento en acciones concretas como el valorar lo nuestro, elegir productos nacionales y visibilizar a las personas y empresas que construyen pa\u00eds.<\/p>\n\n\n\n<p>Ese orgullo tambi\u00e9n se expresa en las decisiones de consumo.<\/p>\n\n\n\n<p>Actualmente, el 88% de los consumidores conf\u00eda en productos y servicios que llevan la huella, mientras que el 71% afirma elegir productos con este distintivo. Estas cifras muestran que el origen ecuatoriano gana valor cuando est\u00e1 respaldado por calidad, formalidad y procesos que generan confianza.<\/p>\n\n\n\n<p>\u201cEl orgullo ecuatoriano se fortalece cuando reconocemos el esfuerzo de las empresas y trabajadores que todos los d\u00edas construyen pa\u00eds. En Ecuador existe talento,<br>capacidad productiva y organizaciones comprometidas con hacer las cosas bien. El desaf\u00edo ahora es que ese valor sea visible, que nuestras marcas tengan mayor reconocimiento y que los consumidores identifiquen en lo ecuatoriano una se\u00f1al de calidad, confianza y desarrollo.\u201d M\u00f3nica Malo, directora ejecutiva de la Corporaci\u00f3n<\/p>\n\n\n\n<p>\u00a1Mucho mejor! Ecuador<\/p>\n\n\n\n<p>Sin embargo, el siguiente paso es fortalecer las marcas ecuatorianas para que puedan llevar al mundo no solo productos de calidad, sino tambi\u00e9n una identidad propia. Una parte importante de la oferta nacional llega a mercados internacionales bajo marcas de terceros, lo que limita el reconocimiento del origen ecuatoriano y la conexi\u00f3n directa con los consumidores. La oportunidad est\u00e1 en construir marcas propias capaces de comunicar el valor detr\u00e1s de cada producto y representar al pa\u00eds con mayor fuerza. Hacia 2030, el reto ser\u00e1 fortalecer la conexi\u00f3n entre marcas y consumidores, consolidando la calidad ecuatoriana como un atributo de confianza y competitividad. Si los productos ecuatorianos ya son reconocidos y elegidos en mercados internacionales por su calidad, tambi\u00e9n debemos preferirlos y consumirlos dentro del pa\u00eds. El desaf\u00edo est\u00e1 en que los consumidores exijan y elijan marcas ecuatorianas por encima de alternativas extranjeras, valorando el trabajo y el empleo que generan en Ecuador.<\/p>\n","protected":false},"excerpt":{"rendered":"<p>Quito, 1 septiembre de 2026.- Sentirse orgulloso de ser ecuatoriano es reconocer el talento y la capacidad de un pa\u00eds<\/p>\n","protected":false},"author":1,"featured_media":26166,"comment_status":"closed","ping_status":"closed","sticky":false,"template":"","format":"standard","meta":{"footnotes":""},"categories":[9,11],"tags":[],"_links":{"self":[{"href":"https:\/\/www.ecuadoraldia.com.ec\/index.php?rest_route=\/wp\/v2\/posts\/26165"}],"collection":[{"href":"https:\/\/www.ecuadoraldia.com.ec\/index.php?rest_route=\/wp\/v2\/posts"}],"about":[{"href":"https:\/\/www.ecuadoraldia.com.ec\/index.php?rest_route=\/wp\/v2\/types\/post"}],"author":[{"embeddable":true,"href":"https:\/\/www.ecuadoraldia.com.ec\/index.php?rest_route=\/wp\/v2\/users\/1"}],"replies":[{"embeddable":true,"href":"https:\/\/www.ecuadoraldia.com.ec\/index.php?rest_route=%2Fwp%2Fv2%2Fcomments&post=26165"}],"version-history":[{"count":1,"href":"https:\/\/www.ecuadoraldia.com.ec\/index.php?rest_route=\/wp\/v2\/posts\/26165\/revisions"}],"predecessor-version":[{"id":26167,"href":"https:\/\/www.ecuadoraldia.com.ec\/index.php?rest_route=\/wp\/v2\/posts\/26165\/revisions\/26167"}],"wp:featuredmedia":[{"embeddable":true,"href":"https:\/\/www.ecuadoraldia.com.ec\/index.php?rest_route=\/wp\/v2\/media\/26166"}],"wp:attachment":[{"href":"https:\/\/www.ecuadoraldia.com.ec\/index.php?rest_route=%2Fwp%2Fv2%2Fmedia&parent=26165"}],"wp:term":[{"taxonomy":"category","embeddable":true,"href":"https:\/\/www.ecuadoraldia.com.ec\/index.php?rest_route=%2Fwp%2Fv2%2Fcategories&post=26165"},{"taxonomy":"post_tag","embeddable":true,"href":"https:\/\/www.ecuadoraldia.com.ec\/index.php?rest_route=%2Fwp%2Fv2%2Ftags&post=26165"}],"curies":[{"name":"wp","href":"https:\/\/api.w.org\/{rel}","templated":true}]}}