{"id":26172,"date":"2026-09-04T09:56:40","date_gmt":"2026-09-04T14:56:40","guid":{"rendered":"https:\/\/www.ecuadoraldia.com.ec\/?p=26172"},"modified":"2026-09-04T09:56:40","modified_gmt":"2026-09-04T14:56:40","slug":"reformas-a-la-ley-de-transito-prohibe-circulacion-de-scooters-y-motos-electricas-por-autopistas","status":"publish","type":"post","link":"https:\/\/www.ecuadoraldia.com.ec\/?p=26172","title":{"rendered":"Reformas a la Ley de Transito proh\u00edbe \u00a0circulaci\u00f3n de scooters y motos el\u00e9ctricas por autopistas."},"content":{"rendered":"\n<p>Quito DM, viernes 4 de septiembre de 2026. Los scooters y motocicletas el\u00e9ctricas que no cumplan con los requisitos de identificaci\u00f3n, registro y matriculaci\u00f3n establecidos en la nueva Ley de Seguridad Vial, quedar\u00e1n impedidos de circular por las v\u00edas de Ecuador, tras la aprobaci\u00f3n en segundo debate de las reformas a la Ley Org\u00e1nica de Transporte Terrestre, Tr\u00e1nsito y Seguridad Vial.<\/p>\n\n\n\n<p>Uno de los principales cambios apunta a establecer reglas nacionales para la micromovilidad, categor\u00eda en la que se incluyen scooters el\u00e9ctricos, los cuales ya no podr\u00e1n circular por autopistas, v\u00edas perimetrales y la red vial estatal en Ecuador.<\/p>\n\n\n\n<p>La normativa busca que estos medios de transporte dejen de desenvolverse bajo regulaciones dispares y reducir as\u00ed los siniestros viales en los que puedan verse involucrados.<\/p>\n\n\n\n<p>La aprobaci\u00f3n ocurre pocos d\u00edas despu\u00e9s de un accidente registrado el 1 de septiembre en la intersecci\u00f3n de las avenidas de los Shyris y Naciones Unidas, en el norte de Quito, donde un peat\u00f3n muri\u00f3 tras ser impactado por una moto el\u00e9ctrica tipo scooter. El conductor, fue detenido y trasladado a la Unidad Judicial de Tr\u00e1nsito para el procedimiento correspondiente.<\/p>\n\n\n\n<p>Las reformas establecen por primera vez un marco nacional para regular &nbsp;el uso de bicicletas, scooters y otros veh\u00edculos de micromovilidad.<\/p>\n\n\n\n<p>Tambi\u00e9n crea un Registro Nacional de repartidores (Deliberys) y fija responsabilidads para las plataformas digitales que utilizan este tipo de medios de transporte para servicios de entrega.<\/p>\n\n\n\n<p>El objetivo, es establecer est\u00e1ndares m\u00ednimos de seguridad tanto para quienes trabajan mediante aplicaciones como para el resto de usuarios en carreteras.<\/p>\n\n\n\n<p>La presidenta de la Comisi\u00f3n de Desarrollo Econ\u00f3mico y ponente del informe, Valentina Centeno, sostuvo que la seguridad vial debe ser asumida como una pol\u00edtica de Estado relacionada directamente con la seguridad ciudadana.<\/p>\n\n\n\n<p>Entre las medidas de control tambi\u00e9n consta la prohibici\u00f3n de contratos que condicionen los pagos a porcentajes de lo recaudado mediante multas, adem\u00e1s de la obligaci\u00f3n de se\u00f1alizar previamente los controles de tr\u00e1nsito y homologar los dispositivos utilizados.<\/p>\n\n\n\n<p>La normativa dispone adem\u00e1s la depuraci\u00f3n de registros existentes, centraliza la emisi\u00f3n de placas vehiculares y ordena una evaluaci\u00f3n integral de las escuelas de conducci\u00f3n.<\/p>\n\n\n\n<p>En materia de protecci\u00f3n vial, eleva a rango legal el derecho a contar con infraestructura segura, sem\u00e1foros sonoros y ciclo v\u00edas continuas. Tambi\u00e9n contempla el uso obligatorio de sillas infantiles homologadas y reconoce la licencia digital con plena validez jur\u00eddica.<\/p>\n\n\n\n<p>La revisi\u00f3n t\u00e9cnica vehicular, por su parte, tendr\u00e1 validez a nivel nacional, independientemente del lugar donde haya sido realizada.<\/p>\n\n\n\n<p>El proyecto recibi\u00f3 87 votos a favor en el Pleno de la Asamblea Nacional, despu\u00e9s de un largo debate, ser\u00e1 remitido al presidente Daniel Noboa, para su an\u00e1lisis.<\/p>\n\n\n\n<p>Lo cierto es que, el tema del tr\u00e1nsito en el pa\u00eds es sumamente complejo, se requiere que t\u00e9cnicos especializados en la materia sea quienes est\u00e9n al frente de su manejo. No se trata solo que asignar responsabilidades a los gobiernos seccionales, sino de controles especializados en calles, avenidas y carreteras a nivel nacional. Se\u00f1al\u00e9ticas claras, radares manejados sin manipulaci\u00f3n y corrupci\u00f3n, carreteras y autopistas en buen estado, eficiente control de las escuelas de conducci\u00f3n. Que los aspirantes a obtener una licencia cumplan con los horarios de clases, con una verificaci\u00f3n minuciosa de cumplimiento del pensum de estudio, y que el nuevo conductor demuestre que est\u00e1 capacitado para manejar un veh\u00edculo para el que necesita un tipo de licencia espec\u00edfico de conducir.<\/p>\n\n\n\n<p>La mayor\u00eda de accidentes ocurren precisamente por la impericia, excesos de velocidad, manejar bajo efectos de alcohol y otras sustancias, chofer que causa accidentes, en el que mueren personas por los efectos antes indicados, se le debe impedir que siga manejando un veh\u00edculo de cualquier tipo, es decir, que se le quite la licencia.<\/p>\n\n\n\n<p>En el caso de los buses de pasajeros, el controlador aprende a medio manejar y luego es el chofer \u201cprofesional\u201d de ese bus, simplemente porque aprendi\u00f3 a guiar el bus y dar retro.<\/p>\n\n\n\n<p>Lo que no mencionan las reformas es, como acabar con la corrupci\u00f3n que hay dentro de las entidades que manejan el tr\u00e1nsito en el pa\u00eds, ll\u00e1mese ANT, CTE y municipios, entre otros. La \u00faltima crisis por la renovaci\u00f3n de licencias evidenci\u00f3 el met\u00e1stasis de la corrupci\u00f3n que existe en el manejo del transporte.<\/p>\n","protected":false},"excerpt":{"rendered":"<p>Quito DM, viernes 4 de septiembre de 2026. Los scooters y motocicletas el\u00e9ctricas que no cumplan con los requisitos de<\/p>\n","protected":false},"author":1,"featured_media":26173,"comment_status":"closed","ping_status":"closed","sticky":false,"template":"","format":"standard","meta":{"footnotes":""},"categories":[11,3,4],"tags":[],"_links":{"self":[{"href":"https:\/\/www.ecuadoraldia.com.ec\/index.php?rest_route=\/wp\/v2\/posts\/26172"}],"collection":[{"href":"https:\/\/www.ecuadoraldia.com.ec\/index.php?rest_route=\/wp\/v2\/posts"}],"about":[{"href":"https:\/\/www.ecuadoraldia.com.ec\/index.php?rest_route=\/wp\/v2\/types\/post"}],"author":[{"embeddable":true,"href":"https:\/\/www.ecuadoraldia.com.ec\/index.php?rest_route=\/wp\/v2\/users\/1"}],"replies":[{"embeddable":true,"href":"https:\/\/www.ecuadoraldia.com.ec\/index.php?rest_route=%2Fwp%2Fv2%2Fcomments&post=26172"}],"version-history":[{"count":1,"href":"https:\/\/www.ecuadoraldia.com.ec\/index.php?rest_route=\/wp\/v2\/posts\/26172\/revisions"}],"predecessor-version":[{"id":26174,"href":"https:\/\/www.ecuadoraldia.com.ec\/index.php?rest_route=\/wp\/v2\/posts\/26172\/revisions\/26174"}],"wp:featuredmedia":[{"embeddable":true,"href":"https:\/\/www.ecuadoraldia.com.ec\/index.php?rest_route=\/wp\/v2\/media\/26173"}],"wp:attachment":[{"href":"https:\/\/www.ecuadoraldia.com.ec\/index.php?rest_route=%2Fwp%2Fv2%2Fmedia&parent=26172"}],"wp:term":[{"taxonomy":"category","embeddable":true,"href":"https:\/\/www.ecuadoraldia.com.ec\/index.php?rest_route=%2Fwp%2Fv2%2Fcategories&post=26172"},{"taxonomy":"post_tag","embeddable":true,"href":"https:\/\/www.ecuadoraldia.com.ec\/index.php?rest_route=%2Fwp%2Fv2%2Ftags&post=26172"}],"curies":[{"name":"wp","href":"https:\/\/api.w.org\/{rel}","templated":true}]}}