{"id":26175,"date":"2026-09-04T09:59:21","date_gmt":"2026-09-04T14:59:21","guid":{"rendered":"https:\/\/www.ecuadoraldia.com.ec\/?p=26175"},"modified":"2026-09-04T10:01:19","modified_gmt":"2026-09-04T15:01:19","slug":"expectativas-empresariales-aumentaron-en-julio-generando-mayor-confianza","status":"publish","type":"post","link":"https:\/\/www.ecuadoraldia.com.ec\/?p=26175","title":{"rendered":"Expectativas empresariales aumentaron en julio generando mayor confianza."},"content":{"rendered":"\n<p>Quito DM, 4 de septiembre 2026. BCE. El indicador acumul\u00f3 seis meses consecutivos por encima de los 50 puntos, umbral que evidencia una mayor confianza empresarial. En julio de 2026, el \u00cdndice de Expectativas de la Econom\u00eda (IEE) se ubic\u00f3 en 56,2 puntos, lo que represent\u00f3 un incremento de 3,0 puntos frente a junio. Con este resultado, el indicador global se mantuvo por sexto mes consecutivo en el umbral de mayor confianza. Los cuatro sectores analizados registraron \u00edndices superiores a 50 puntos: servicios, 60 puntos; comercio, 53,7 puntos; construcci\u00f3n, 53,1 puntos; y manufactura, 51,8 puntos.<\/p>\n\n\n\n<p>Con 60 puntos, el sector servicios present\u00f3 el mayor nivel de expectativas, 4,5 puntos m\u00e1s que en junio. Este comportamiento estuvo asociado, principalmente, a la actividad tur\u00edstica, evidenciada en una mayor din\u00e1mica de las ventas y la facturaci\u00f3n, en un contexto de progresiva normalizaci\u00f3n de las actividades econ\u00f3micas y las expectativas por el inicio del per\u00edodo de matr\u00edculas de educaci\u00f3n superior.<\/p>\n\n\n\n<p>El comercio alcanz\u00f3 53,7 puntos, un incremento mensual de 4,2 puntos que le permiti\u00f3 retornar al umbral de mayor confianza. Entre los factores que favorecieron este resultado se identificaron la liquidaci\u00f3n de contratos vinculados al sector p\u00fablico, la acumulaci\u00f3n anticipada de inventarios ante las expectativas de demanda para el \u00faltimo trimestre del a\u00f1o y la comercializaci\u00f3n de veh\u00edculos el\u00e9ctricos y equipos de generaci\u00f3n el\u00e9ctrica.<\/p>\n\n\n\n<p>Por su parte, la construcci\u00f3n registr\u00f3 53,1 puntos, pese a una reducci\u00f3n mensual de 4,4 puntos. Las empresas consultadas se\u00f1alaron como factores de soporte la ejecuci\u00f3n de obras de infraestructura portuaria, la comercializaci\u00f3n de unidades habitacionales y la aprobaci\u00f3n administrativa de planillas atrasadas.<\/p>\n\n\n\n<p>El sector manufacturero registr\u00f3 51,8 puntos, ubic\u00e1ndose 1,5 puntos por encima de la cifra de junio y manteni\u00e9ndose en zona de expansi\u00f3n. De acuerdo con las empresas encuestadas, este comportamiento estuvo atribuido al incremento en la demanda de textiles y material impreso vinculado al periodo escolar de la Sierra, a la mayor din\u00e1mica en los servicios de maquila y al arranque de la zafra para la producci\u00f3n de az\u00facar.<\/p>\n\n\n\n<p>El IEE Global se construye a partir de la Encuesta Mensual de Opini\u00f3n Empresarial (EMOE) y recoge la percepci\u00f3n de los directivos de m\u00e1s de 1.700 empresas sobre su situaci\u00f3n actual y perspectivas. El \u00edndice se expresa en una escala de 0 a 100 puntos: valores superiores a 50 reflejan mayor confianza, mientras que valores inferiores a 50 indican menor confianza. M\u00e1s informaci\u00f3n en el enlace:<\/p>\n\n\n\n<p><a href=\"https:\/\/sl1nk.com\/0zz8apd \">https:\/\/sl1nk.com\/0zz8apd <\/a><\/p>\n","protected":false},"excerpt":{"rendered":"<p>Quito DM, 4 de septiembre 2026. BCE. El indicador acumul\u00f3 seis meses consecutivos por encima de los 50 puntos, umbral<\/p>\n","protected":false},"author":1,"featured_media":26176,"comment_status":"closed","ping_status":"closed","sticky":false,"template":"","format":"standard","meta":{"footnotes":""},"categories":[9,11],"tags":[],"_links":{"self":[{"href":"https:\/\/www.ecuadoraldia.com.ec\/index.php?rest_route=\/wp\/v2\/posts\/26175"}],"collection":[{"href":"https:\/\/www.ecuadoraldia.com.ec\/index.php?rest_route=\/wp\/v2\/posts"}],"about":[{"href":"https:\/\/www.ecuadoraldia.com.ec\/index.php?rest_route=\/wp\/v2\/types\/post"}],"author":[{"embeddable":true,"href":"https:\/\/www.ecuadoraldia.com.ec\/index.php?rest_route=\/wp\/v2\/users\/1"}],"replies":[{"embeddable":true,"href":"https:\/\/www.ecuadoraldia.com.ec\/index.php?rest_route=%2Fwp%2Fv2%2Fcomments&post=26175"}],"version-history":[{"count":3,"href":"https:\/\/www.ecuadoraldia.com.ec\/index.php?rest_route=\/wp\/v2\/posts\/26175\/revisions"}],"predecessor-version":[{"id":26180,"href":"https:\/\/www.ecuadoraldia.com.ec\/index.php?rest_route=\/wp\/v2\/posts\/26175\/revisions\/26180"}],"wp:featuredmedia":[{"embeddable":true,"href":"https:\/\/www.ecuadoraldia.com.ec\/index.php?rest_route=\/wp\/v2\/media\/26176"}],"wp:attachment":[{"href":"https:\/\/www.ecuadoraldia.com.ec\/index.php?rest_route=%2Fwp%2Fv2%2Fmedia&parent=26175"}],"wp:term":[{"taxonomy":"category","embeddable":true,"href":"https:\/\/www.ecuadoraldia.com.ec\/index.php?rest_route=%2Fwp%2Fv2%2Fcategories&post=26175"},{"taxonomy":"post_tag","embeddable":true,"href":"https:\/\/www.ecuadoraldia.com.ec\/index.php?rest_route=%2Fwp%2Fv2%2Ftags&post=26175"}],"curies":[{"name":"wp","href":"https:\/\/api.w.org\/{rel}","templated":true}]}}