{"id":26181,"date":"2026-09-04T14:09:19","date_gmt":"2026-09-04T19:09:19","guid":{"rendered":"https:\/\/www.ecuadoraldia.com.ec\/?p=26181"},"modified":"2026-09-04T14:09:47","modified_gmt":"2026-09-04T19:09:47","slug":"el-aeropuerto-de-quito-suspendera-las-operaciones-aereas-por-mantenimiento","status":"publish","type":"post","link":"https:\/\/www.ecuadoraldia.com.ec\/?p=26181","title":{"rendered":"El aeropuerto de Quito suspender\u00e1  operaciones  por mantenimiento."},"content":{"rendered":"\n<p>Quito 4 de septiembre de 2026. La medida responde a &nbsp;trabajos de mantenimiento en la pista del Aeropuerto Internacional Mariscal Sucre, en Tababela, por lo que habr\u00e1 una suspensi\u00f3n temporal de las operaciones a\u00e9reas desde las 02h00 a 14h00 del s\u00e1bado 5 de septiembre del a\u00f1o en curso. inform\u00f3 la Corporaci\u00f3n Quiport.<\/p>\n\n\n\n<p>Durante este per\u00edodo, la terminal de pasajeros permanecer\u00e1 abierta con normalidad. La programaci\u00f3n del mantenimiento se comunicada oportunamente a las aerol\u00edneas para que realicen ajustes en sus itinerarios y &nbsp;reprogramaci\u00f3n de vuelos y la comunicaci\u00f3n directa con sus pasajeros.<\/p>\n\n\n\n<p>Quiport recomend\u00f3 a los viajeros verificar con su aerol\u00ednea el estado actualizado de su vuelo antes de trasladarse al aeropuerto. Los contactos de las aerol\u00edneas que operan en Quito est\u00e1n disponibles en este link. <a href=\"https:\/\/www.aeropuertoquito.aero\/aerolineas\/\">https:\/\/www.aeropuertoquito.aero\/aerolineas\/<\/a><\/p>\n","protected":false},"excerpt":{"rendered":"<p>Quito 4 de septiembre de 2026. La medida responde a &nbsp;trabajos de mantenimiento en la pista del Aeropuerto Internacional Mariscal<\/p>\n","protected":false},"author":1,"featured_media":26182,"comment_status":"closed","ping_status":"closed","sticky":false,"template":"","format":"standard","meta":{"footnotes":""},"categories":[11,14,4],"tags":[],"_links":{"self":[{"href":"https:\/\/www.ecuadoraldia.com.ec\/index.php?rest_route=\/wp\/v2\/posts\/26181"}],"collection":[{"href":"https:\/\/www.ecuadoraldia.com.ec\/index.php?rest_route=\/wp\/v2\/posts"}],"about":[{"href":"https:\/\/www.ecuadoraldia.com.ec\/index.php?rest_route=\/wp\/v2\/types\/post"}],"author":[{"embeddable":true,"href":"https:\/\/www.ecuadoraldia.com.ec\/index.php?rest_route=\/wp\/v2\/users\/1"}],"replies":[{"embeddable":true,"href":"https:\/\/www.ecuadoraldia.com.ec\/index.php?rest_route=%2Fwp%2Fv2%2Fcomments&post=26181"}],"version-history":[{"count":2,"href":"https:\/\/www.ecuadoraldia.com.ec\/index.php?rest_route=\/wp\/v2\/posts\/26181\/revisions"}],"predecessor-version":[{"id":26185,"href":"https:\/\/www.ecuadoraldia.com.ec\/index.php?rest_route=\/wp\/v2\/posts\/26181\/revisions\/26185"}],"wp:featuredmedia":[{"embeddable":true,"href":"https:\/\/www.ecuadoraldia.com.ec\/index.php?rest_route=\/wp\/v2\/media\/26182"}],"wp:attachment":[{"href":"https:\/\/www.ecuadoraldia.com.ec\/index.php?rest_route=%2Fwp%2Fv2%2Fmedia&parent=26181"}],"wp:term":[{"taxonomy":"category","embeddable":true,"href":"https:\/\/www.ecuadoraldia.com.ec\/index.php?rest_route=%2Fwp%2Fv2%2Fcategories&post=26181"},{"taxonomy":"post_tag","embeddable":true,"href":"https:\/\/www.ecuadoraldia.com.ec\/index.php?rest_route=%2Fwp%2Fv2%2Ftags&post=26181"}],"curies":[{"name":"wp","href":"https:\/\/api.w.org\/{rel}","templated":true}]}}