{"id":2722,"date":"2014-05-23T19:12:27","date_gmt":"2014-05-23T19:12:27","guid":{"rendered":"http:\/\/www.ecuadoraldia.com.ec\/?p=2722"},"modified":"2014-05-23T19:12:27","modified_gmt":"2014-05-23T19:12:27","slug":"se-acuerdan-de-assange","status":"publish","type":"post","link":"https:\/\/www.ecuadoraldia.com.ec\/?p=2722","title":{"rendered":"\u00bfSe acuerdan de Assange?"},"content":{"rendered":"<p><a href=\"http:\/\/www.ecuadoraldia.com.ec\/wp-content\/uploads\/2014\/05\/Follart.gif\"><img loading=\"lazy\" decoding=\"async\" class=\"alignleft size-full wp-image-2723\" alt=\"Follart\" src=\"http:\/\/www.ecuadoraldia.com.ec\/wp-content\/uploads\/2014\/05\/Follart.gif\" width=\"150\" height=\"225\" \/><\/a>Roberto Follari<\/p>\n<p>\u00bfQu\u00e9 habr\u00e1 sido de \u00e9l? Pues nada, seguro, o poco. No mucho puede hacerse dentro de una embajada, encerrado, preso de la l\u00f3gica imperial que no lo deja salir. La decisi\u00f3n soberana del Gobierno ecuatoriano le dio un refugio, pero parece que Inglaterra (por \u00f3rdenes del m\u00e1ximo imperio del presente) sigue firme en su decisi\u00f3n de superar los r\u00e9cords de refugios diplom\u00e1ticos que estableci\u00f3 Per\u00fa con Haya de la Torre, o la \u00faltima dictadura argentina con H\u00e9ctor C\u00e1mpora.<\/p>\n<p>El olvido no hace solo a su persona, abarca tambi\u00e9n al espionaje estadounidense que \u00e9l ayud\u00f3 a develar. La vergonzosa condici\u00f3n de haber espiado a decenas de presidentes en todo el mundo, a millones de ciudadanos en los lugares m\u00e1s diversos del orbe, el meterse en e-mails y en llamadas telef\u00f3nicas con arrasamiento de toda privacidad, es cuesti\u00f3n que va entrando en la penumbra del olvido. Las m\u00f3dicas modificaciones que Obama ha pedido para el accionar de la Agencia Nacional de Seguridad estadounidense, responsable de toda esta acci\u00f3n de fisgoneo planetario, permanente y serial, en nada cambian la situaci\u00f3n (dado que, adem\u00e1s, parecen afectar solo al comportamiento de dicha Agencia dentro de Estados Unidos).<\/p>\n<p>Se sum\u00f3 Snowden, y como recordar dos es m\u00e1s dif\u00edcil que hacerlo con uno, se dividi\u00f3 la atenci\u00f3n a cada uno solo al 50% de lo que suced\u00eda antes con Assange. Snowden tampoco tiene su vida asegurada: sali\u00f3 de aquel avi\u00f3n donde se lo confinara, para sostenerse en un precario permiso ruso para habitar en ese pa\u00eds por un per\u00edodo nada prolongado.<\/p>\n<p>Hay que recordar su situaci\u00f3n, muestra de la prepotencia de un sistema que dice hacer la guerra en nombre de la democracia y los derechos humanos, y niega a estos enf\u00e1ticamente en los hechos, persiguiendo a quienes han ejercido la libertad de informar. Estados Unidos nunca desminti\u00f3 a Assange ni tampoco a Snowden: se limit\u00f3 a perseguirlos por entender que hab\u00edan difundido verdades que desde el poder de ese pa\u00eds se quiere acallar.<\/p>\n<p>En fin: el oportunismo total con que se act\u00faa hoy desde el poder establecido lleva, incluso, a que Estados Unidos opere en Siria como aliado de Al Qaeda, mientras justifica en todas partes sus acciones violentas como parte de la lucha sin l\u00edmites contra esa organizaci\u00f3n.<\/p>\n<p>Es del tipo de cosas que denunciaba Assange cuando no estaba confinado a la embajada en Londres. Ojal\u00e1 recordemos, ojal\u00e1 denunciemos, ojal\u00e1 insistamos sobre la persecuci\u00f3n que \u00e9l sufre. El olvido servir\u00eda para que no se viabilice su libertad, para que el poder imperial se imponga nuevamente, ya no solo por la muy fuerte v\u00eda del encierro, sino -incluso- por la de alguna represalia mayor que pudiera programarse a largo plazo.<br \/>\nxxxxxxxxxxxxxx<\/p>\n<p>De su lado, el vicepresidente Glas se\u00f1al\u00f3 que por mandato de los presidentes de Am\u00e9rica Latina y el Caribe se debe construir una regi\u00f3n de paz, \u201cpara esto nuestras Fuerzas Armadas se encuentran en un proceso profundo de modernizaci\u00f3n, que potenciar\u00e1 sus capacidades, para que nuestros soldados y sus familias tengan una vida digna y se les dotar\u00e1 de todos los medios necesarios para que puedan cumplir con las misiones que les otorga la ley y la constituci\u00f3n\u201d.<\/p>\n<p>Acot\u00f3 que la defensa es responsabilidad de todos, \u201cla defensa es un bien p\u00fablico. Nos convoca a ser parte importante en la construcci\u00f3n de una Patria que defiende su soberan\u00eda con un sistema integral de seguridad con planes y programas de desarrollo que construyan la paz\u201d.<\/p>\n<p>A criterio de Glas, el principal enemigo ahora es \u201cla pobreza al que debemos combatir sin tregua, pero tambi\u00e9n debemos enfrentar otro tipo de delitos como delitos inform\u00e1tico, la ciberguerra, el narcotr\u00e1fico, la trata de personas, la pirater\u00eda, el tr\u00e1fico de armas y la miner\u00eda ilegal\u201d.<\/p>\n<p>Reclac\u00f3 que como los j\u00f3venes del 24 de Mayo buscaron con su vida la libertad, \u201cnosotros trabajamos todos los d\u00edas para conseguir en este nuevo Ecuador, labrado con el esfuerzoi de cada trabajador, de cada estudiante, para seamos capaces de acceder al conocimiento, a la salud, vivienda y trabajo digno, carreteras que hoy nos unen, escuelas del Milenio, hospitales, universidades\u201d.<\/p>\n<p>Sostuvo que la \u201clibertad no es un derecho de los poderosos, la Revoluci\u00f3n se construye sobre la igualdad y el Buen Vivir para todos los ecuatorianos, se construye con la Revoluci\u00f3n del conocimiento\u201d. Tomado de el Telegrafo<\/p>\n","protected":false},"excerpt":{"rendered":"<p>Roberto Follari \u00bfQu\u00e9 habr\u00e1 sido de \u00e9l? Pues nada, seguro, o poco. No mucho puede hacerse dentro de una embajada,<\/p>\n","protected":false},"author":1,"featured_media":0,"comment_status":"open","ping_status":"open","sticky":false,"template":"","format":"standard","meta":{"footnotes":""},"categories":[15],"tags":[],"_links":{"self":[{"href":"https:\/\/www.ecuadoraldia.com.ec\/index.php?rest_route=\/wp\/v2\/posts\/2722"}],"collection":[{"href":"https:\/\/www.ecuadoraldia.com.ec\/index.php?rest_route=\/wp\/v2\/posts"}],"about":[{"href":"https:\/\/www.ecuadoraldia.com.ec\/index.php?rest_route=\/wp\/v2\/types\/post"}],"author":[{"embeddable":true,"href":"https:\/\/www.ecuadoraldia.com.ec\/index.php?rest_route=\/wp\/v2\/users\/1"}],"replies":[{"embeddable":true,"href":"https:\/\/www.ecuadoraldia.com.ec\/index.php?rest_route=%2Fwp%2Fv2%2Fcomments&post=2722"}],"version-history":[{"count":1,"href":"https:\/\/www.ecuadoraldia.com.ec\/index.php?rest_route=\/wp\/v2\/posts\/2722\/revisions"}],"predecessor-version":[{"id":2724,"href":"https:\/\/www.ecuadoraldia.com.ec\/index.php?rest_route=\/wp\/v2\/posts\/2722\/revisions\/2724"}],"wp:attachment":[{"href":"https:\/\/www.ecuadoraldia.com.ec\/index.php?rest_route=%2Fwp%2Fv2%2Fmedia&parent=2722"}],"wp:term":[{"taxonomy":"category","embeddable":true,"href":"https:\/\/www.ecuadoraldia.com.ec\/index.php?rest_route=%2Fwp%2Fv2%2Fcategories&post=2722"},{"taxonomy":"post_tag","embeddable":true,"href":"https:\/\/www.ecuadoraldia.com.ec\/index.php?rest_route=%2Fwp%2Fv2%2Ftags&post=2722"}],"curies":[{"name":"wp","href":"https:\/\/api.w.org\/{rel}","templated":true}]}}