{"id":2735,"date":"2014-05-25T15:17:44","date_gmt":"2014-05-25T15:17:44","guid":{"rendered":"http:\/\/www.ecuadoraldia.com.ec\/?p=2735"},"modified":"2014-05-25T15:17:44","modified_gmt":"2014-05-25T15:17:44","slug":"correa-apoya-reelecion-indefinida","status":"publish","type":"post","link":"https:\/\/www.ecuadoraldia.com.ec\/?p=2735","title":{"rendered":"Correa apoya reeleci\u00f3n indefinida"},"content":{"rendered":"<p><a href=\"http:\/\/www.ecuadoraldia.com.ec\/wp-content\/uploads\/2014\/05\/rafa-ree.jpg\"><img loading=\"lazy\" decoding=\"async\" class=\"alignleft size-medium wp-image-2736\" alt=\"rafa ree\" src=\"http:\/\/www.ecuadoraldia.com.ec\/wp-content\/uploads\/2014\/05\/rafa-ree-300x286.jpg\" width=\"300\" height=\"286\" srcset=\"https:\/\/www.ecuadoraldia.com.ec\/wp-content\/uploads\/2014\/05\/rafa-ree-300x286.jpg 300w, https:\/\/www.ecuadoraldia.com.ec\/wp-content\/uploads\/2014\/05\/rafa-ree.jpg 411w\" sizes=\"(max-width: 300px) 100vw, 300px\" \/><\/a>El anuncio lo hizo durante el informe a la naci\u00f3n el s\u00e1bado 24 de mayo en Quito.<\/p>\n<p>El presidente de la Rep\u00fablica, Rafael Correa, manifest\u00f3 su apoyo para que desde la Asamblea se den los pasos necesarios para lograr una enmienda a la Constituci\u00f3n que permita la reelecci\u00f3n indefinida de todas las autoridades.<\/p>\n<p>\u201cDebo solicitar a nuestro bloque de asamble\u00edstas (PAIS) que se enmiende la Constituci\u00f3n de la Rep\u00fablica para establecer la reelecci\u00f3n indefinida en todos los cargos de elecci\u00f3n popular para que sea el pueblo ecuatoriano el que con toda libertad elija la continuidad o alternancia de sus dirigentes\u201d.<\/p>\n<p>Acto seguido aclar\u00f3 que en lo personal, su decisi\u00f3n sobre una nueva candidatura presidencial la tomar\u00e1 \u201cen funci\u00f3n de lo que decida el movimiento al que pertenezco, Alianza PAIS, y a las condiciones previas a la elecci\u00f3n de 2017\u201d.<\/p>\n<p>Estas palabras provocaron aplausos y gritos de respaldo en el acto desarrollado en el seno del Legislativo que dur\u00f3 cerca de 4 horas, tiempo durante el cual tambi\u00e9n participaron el vicepresidente Jorge Glas Espinel, y siete ministros de Estado con la exposici\u00f3n de las acciones que emprendieron desde sus funciones en el periodo 2013-2014.<\/p>\n<p>\u201cEsta revoluci\u00f3n trasciende a las personas y tenemos clara la responsabilidad de impedir la restauraci\u00f3n conservadora\u201d.<br \/>\nSeg\u00fan el Jefe de Estado, Alianza PAIS en su convenci\u00f3n en Esmeraldas resolvi\u00f3 pedir al bloque de asamble\u00edstas enmendar la Constituci\u00f3n para allanar el camino de una reelecci\u00f3n presidencial indefinida.<\/p>\n<p>Aunque se\u00f1al\u00f3 que su posici\u00f3n siempre fue contraria, \u201cdespu\u00e9s de una profunda reflexi\u00f3n y teniendo claro que algunas veces tan solo puede elegirse el mal menor, (&#8230;) he decidido apoyar estas iniciativas\u201d.<\/p>\n<p>Como antesala del anuncio, el Presidente hab\u00eda manifestado que en Ecuador y Am\u00e9rica Latina a\u00fan no se ha logrado la prevalencia del poder popular sobre las \u00e9lites y que actualmente existe una reconstituci\u00f3n de las fuerzas de derecha.<\/p>\n<p>Previo al anuncio de esta decisi\u00f3n hizo un repaso sobre los escenarios nacionales e internacionales, especialmente de Am\u00e9rica Latina.<\/p>\n<p>\u201cSe han recuperado del aturdimiento que dej\u00f3 el fracaso del neoliberalismo y el surgimiento de gobiernos patriotas y progresistas que empez\u00f3 con Hugo Ch\u00e1vez en Venezuela\u201d, continu\u00f3 al referirse a sectores de derecha.<br \/>\nAhora, a su criterio, las llamadas fuerzas de derecha est\u00e1n articuladas internacionalmente con estrategias de poder y con \u201cdescarada complicidad\u201d de la prensa nacional e internacional.<\/p>\n<p>En Ecuador sigue la lucha entre la revoluci\u00f3n ciudadana y lo que denomin\u00f3 \u201crestauraci\u00f3n conservadora\u201d que se est\u00e1 gestando en el pa\u00eds y en toda Latinoam\u00e9rica.<\/p>\n<p>\u201cCon la complicidad de ciertos medios de comunicaci\u00f3n, de algunos gobiernos locales, de la derecha nacional e internacional y de la supuesta extrema izquierda de siempre, se nos prepara un golpe suave como ocurre en Venezuela desde hace cien d\u00edas\u201d, advirti\u00f3.<\/p>\n<p>En su informe tambi\u00e9n cuestion\u00f3 a la dirigencia Sarayaku y fue m\u00e1s all\u00e1 en sus cr\u00edticas al asegurar que existe otro riesgo para el pa\u00eds, que es el intento de crear \u201cterritorios independientes\u201d, dentro del Estado ecuatoriano.<\/p>\n<p>Esto, en referencia a la decisi\u00f3n de ciertos dirigentes de esa comunidad ind\u00edgena de Pastaza que han cobijado en dicho territorio a Cl\u00e9ver Jim\u00e9nez, Fernando Villavicencio y Carlos Figueroa, quienes est\u00e1n sentenciados por injurias contra el Mandatario.<\/p>\n<p>\u201cDebemos rechazar a quienes refugian en su territorio a personas sentenciadas por la justicia pretextando una autonom\u00eda que ning\u00fan estatuto nacional o internacional les ha otorgado\u201d, sostuvo.<\/p>\n<p>Explic\u00f3 que se malinterpreta el concepto de Estado plurinacional y que se pretende que en Ecuador coexistan territorios independientes del Estado contraviniendo la Declaraci\u00f3n de la ONU sobre Derechos de los Pueblos Ind\u00edgenas, que en uno de sus art\u00edculos establece que nada de lo se\u00f1alado en la Declaraci\u00f3n se entender\u00e1 como autorizar o fomentar acci\u00f3n encaminada a quebrantar o menoscabar total o parcialmente la integridad territorial o la unidad pol\u00edtica de los estados soberanos independientes.<\/p>\n<p>\u201cTemo que intentos abiertos o soterrados por (tener) territorios independientes dentro del pa\u00eds ser\u00e1 uno de los graves problemas que tendremos que enfrentar&#8230;\u201d.Rafael Correa, Presidente de la Rep\u00fablica<br \/>\nA esto se suma lo que expresa la Constituci\u00f3n de la Rep\u00fablica en cuanto a que Ecuador es un Estado unitario, por lo tanto, para el Jefe de Estado las acciones propiciadas por cierta dirigencia sarayaku violentan la Carta Magna y las leyes ecuatorianas. Tambi\u00e9n recalc\u00f3 que lo ocurrido en Sarayaku no es un tema aislado, sino que es parte de una corriente del pensamiento de cierta dirigencia ind\u00edgena.<\/p>\n<p>Como pre\u00e1mbulo a su informe, record\u00f3 la tragedia ocurrida el 7 de mayo en el populoso sector de El Fort\u00edn, en Guayaquil, donde dos ni\u00f1os fallecieron luego de que la casa en que viv\u00edan junto con sus padres, asentada al pie de un canal, se destruyera a causa de un fuerte aguacero. En una visita que realiz\u00f3 el pasado martes a los padres de los menores fallecidos, el Mandatario constat\u00f3 la situaci\u00f3n de extrema pobreza e inseguridad en que viven los moradores de este asentamiento.<\/p>\n<p>Esto fue motivo para que en su informe a la naci\u00f3n expusiera las condiciones en que residen los pobladores de esa zona. \u201cEl Fort\u00edn es el reflejo fiel de nuestra desigual Latinoam\u00e9rica: a pocos metros de la mortal covacha existe un mall de lujo (&#8230;), por otro lado no existen servicios p\u00fablicos, escuelas, centros de salud\u201d, se\u00f1al\u00f3.<\/p>\n<p>Record\u00f3 que en su visita le manifestaron que no se pod\u00eda construir colegios en la zona porque no hab\u00eda terrenos, \u201cpero s\u00ed se encontraron miles de metros cuadrados para un centro comercial de lujo\u201d.<\/p>\n<p>Luego hizo un repaso a la historia del pa\u00eds desde la d\u00e9cada del 90, cuando se ciment\u00f3 el neoliberalismo y el Congreso de ese entonces aprob\u00f3 leyes que favorecieron a \u00e9lites econ\u00f3micas, pero que despu\u00e9s provocaron la aguda crisis.<\/p>\n<p>Ahora, dijo, en Ecuador, pese a los problemas, manda el pueblo ecuatoriano y destac\u00f3 que entre los factores positivos, desde la llegada al poder de la revoluci\u00f3n ciudadana, se puede se\u00f1alar la estabilidad pol\u00edtica reconocida a nivel internacional, los logros en la educaci\u00f3n, la reducci\u00f3n de la pobreza y de la desigualdad, el crecimiento de la econom\u00eda, la ejecuci\u00f3n de infraestructura vial, una de las mejores en Latinoam\u00e9rica, entre otros temas.<\/p>\n<p>Y reiter\u00f3 que seguir\u00e1 con los postulados de la Constituci\u00f3n sobre garantizar la vida desde la concepci\u00f3n, el matrimonio como uni\u00f3n entre hombre y mujer y la protecci\u00f3n de la familia como n\u00facleo de la sociedad.<br \/>\nEtiquetas: Alianza PAIS, Asamblea, Rafael Correa, reelecci\u00f3n<\/p>\n","protected":false},"excerpt":{"rendered":"<p>El anuncio lo hizo durante el informe a la naci\u00f3n el s\u00e1bado 24 de mayo en Quito. El presidente de<\/p>\n","protected":false},"author":1,"featured_media":0,"comment_status":"open","ping_status":"open","sticky":false,"template":"","format":"standard","meta":{"footnotes":""},"categories":[3],"tags":[],"_links":{"self":[{"href":"https:\/\/www.ecuadoraldia.com.ec\/index.php?rest_route=\/wp\/v2\/posts\/2735"}],"collection":[{"href":"https:\/\/www.ecuadoraldia.com.ec\/index.php?rest_route=\/wp\/v2\/posts"}],"about":[{"href":"https:\/\/www.ecuadoraldia.com.ec\/index.php?rest_route=\/wp\/v2\/types\/post"}],"author":[{"embeddable":true,"href":"https:\/\/www.ecuadoraldia.com.ec\/index.php?rest_route=\/wp\/v2\/users\/1"}],"replies":[{"embeddable":true,"href":"https:\/\/www.ecuadoraldia.com.ec\/index.php?rest_route=%2Fwp%2Fv2%2Fcomments&post=2735"}],"version-history":[{"count":1,"href":"https:\/\/www.ecuadoraldia.com.ec\/index.php?rest_route=\/wp\/v2\/posts\/2735\/revisions"}],"predecessor-version":[{"id":2737,"href":"https:\/\/www.ecuadoraldia.com.ec\/index.php?rest_route=\/wp\/v2\/posts\/2735\/revisions\/2737"}],"wp:attachment":[{"href":"https:\/\/www.ecuadoraldia.com.ec\/index.php?rest_route=%2Fwp%2Fv2%2Fmedia&parent=2735"}],"wp:term":[{"taxonomy":"category","embeddable":true,"href":"https:\/\/www.ecuadoraldia.com.ec\/index.php?rest_route=%2Fwp%2Fv2%2Fcategories&post=2735"},{"taxonomy":"post_tag","embeddable":true,"href":"https:\/\/www.ecuadoraldia.com.ec\/index.php?rest_route=%2Fwp%2Fv2%2Ftags&post=2735"}],"curies":[{"name":"wp","href":"https:\/\/api.w.org\/{rel}","templated":true}]}}