{"id":2738,"date":"2014-05-25T15:20:41","date_gmt":"2014-05-25T15:20:41","guid":{"rendered":"http:\/\/www.ecuadoraldia.com.ec\/?p=2738"},"modified":"2014-05-25T15:20:41","modified_gmt":"2014-05-25T15:20:41","slug":"88-anos-del-partido-socialista-ecuatoriano","status":"publish","type":"post","link":"https:\/\/www.ecuadoraldia.com.ec\/?p=2738","title":{"rendered":"88 a\u00f1os del Partido Socialista Ecuatoriano"},"content":{"rendered":"<p><a href=\"http:\/\/www.ecuadoraldia.com.ec\/wp-content\/uploads\/2014\/05\/ps2.jpg\"><img loading=\"lazy\" decoding=\"async\" class=\"alignleft size-medium wp-image-2739\" alt=\"ps2\" src=\"http:\/\/www.ecuadoraldia.com.ec\/wp-content\/uploads\/2014\/05\/ps2-300x229.jpg\" width=\"300\" height=\"229\" srcset=\"https:\/\/www.ecuadoraldia.com.ec\/wp-content\/uploads\/2014\/05\/ps2-300x229.jpg 300w, https:\/\/www.ecuadoraldia.com.ec\/wp-content\/uploads\/2014\/05\/ps2.jpg 489w\" sizes=\"(max-width: 300px) 100vw, 300px\" \/><\/a>QUITO.- El Partido Socialista al conmemorar los 88 a\u00f1os de su fundaci\u00f3n conocido como Tradici\u00f3n Socialista y 19 a\u00f1os de la constituci\u00f3n del Partido Socialista- Frente Amplio en la sesi\u00f3n solemne realizada en el Sal\u00f3n M\u00e1ximo de Quito cont\u00f3 con la presencia de la Dirigencia Nacional, de las provincias del pa\u00eds, Alcaldes, Concejales y miembros de juntas parroquiales militantes, delegaciones de organizaciones sociales y pol\u00edticas fraternas y de autoridades de las funciones ejecutiva, legislativa y electoral, encabezadas por el ingeniero Jorge Glas Vicepresidente de la Rep\u00fablica, la Presidenta de la Asamblea Nacional se\u00f1ora Gabriela Rivadeneira, Asamble\u00edstas, el Presidente del CNE Domingo Paredes e invitados especiales..<\/p>\n<p>Las intervenciones de la Dirigencia Pol\u00edtica del Socialismo fue coincidente en reconocer el momento hist\u00f3rico que vive el pa\u00eds y Latinoam\u00e9rica, caracterizado por importantes cambios para superar el modelo neoliberal que caus\u00f3 destrozos a nuestras econom\u00edas, y el consecuente empobrecimiento de la poblaci\u00f3n, pero que en el caso de Ecuador el proyecto de la Revoluci\u00f3n ciudadana hoy es referente en Latinoam\u00e9rica y el mundo ha dado pasos firmes para reivindicar nuestra soberan\u00eda y garantizar los derechos de los ciudadanos como prioridad frente a un capitalismo en crisis que en el mundo se resiste y se ancla a sus testaferros locales y no duda en conspirar y obstruir cualquier avance democr\u00e1tico, indicando que los socialistas actuar\u00e1n con responsabilidad hist\u00f3rica y resistir\u00e1n y defender\u00e1n este proceso progresista que tendr\u00e1 que profundizarse para que sea irreversible hacia el socialismo.<\/p>\n<p>El Doctor Fabi\u00e1n Solano entreg\u00f3 el Proyecto de Enmienda a la Constituci\u00f3n, a la Presidenta de la Asamblea Nacional Gabriela con el objetivo de incorporar la reelecci\u00f3n presidencial y de todas las autoridades de elecci\u00f3n popular, para que sea el pueblo en las urnas en los procesos electorales los que definan la alternabilidad democr\u00e1tica.<\/p>\n<p>Silvia Salgado, adem\u00e1s de resaltar el papel militante de la mujer socialista expres\u00f3 \u201cque los y las socialistas se comprometen con el cambio de la matriz productiva propuesta que debe incluir una necesaria revoluci\u00f3n agraria con un nuevo modelo productivo, redistribuci\u00f3n de la tierra para los campesinos, con impulso a la banca de desarrollo agr\u00edcola , con inversi\u00f3n en infraestructura productiva, con un amplio di\u00e1logo y participaci\u00f3n social que garantice ese gran acuerdo nacional para hacer irreversible esta revoluci\u00f3n, para que esto suceda indic\u00f3 que todas las batallas que tiene que dar una Revoluci\u00f3n la tiene que dar con el pueblo\u201d.<\/p>\n<p>El Presidente del PSFA, reiter\u00f3 el compromiso del socialismo de apoyar las leyes como el C\u00f3digo del Trabajo que garantice los derechos de los trabajadores y la redefinici\u00f3n de la relaci\u00f3n trabajo-capital, ser\u00e1 como en otros tiempos un c\u00f3digo con sello socialista manifest\u00f3, se\u00f1al\u00f3 como importantes la ley de tierras y ley de seguridad social, entre otras.<\/p>\n<p>Por su parte; Gabriela Rivadeneira, Presidenta de la Asamblea saludo la trayectoria de esta organizaci\u00f3n pol\u00edtica y destac\u00f3 la propuesta impulsada por el Partido Socialista, y expres\u00f3 que este partido es parte y son actores de este proceso y la necesidad de la Unidad de las izquierdas con el fin de fortalecer el proyecto pol\u00edtico y la revoluci\u00f3n ciudadana.<\/p>\n<p>El Vicepresidente Jorge Glas, destac\u00f3 la presencia de una organizaci\u00f3n de izquierda como el Partido Socialista en el proyecto de la revoluci\u00f3n ciudadana y reconoci\u00f3 el destacado aporte de militantes socialistas que se desempe\u00f1aron como parte del Gobierno. Se refiri\u00f3 a las propuestas de la dirigencia sobre el cambio de la matriz productiva como la posibilidad de generar riqueza para ser redistribuida, de alcanzar una mayor productividad que garantice empleo y que todos los sectores est\u00e1n convocados. En cuanto a la propuesta de la enmienda Constitucional, indic\u00f3 debe darse con el apoyo de los 100 asamble\u00edstas del movimiento Alianza Pa\u00eds y estamos seguros que el pueblo ecuatoriano debatir\u00e1 y apoyar\u00e1 fundamentado en el apoyo al Gobierno liderado por el Economista Rafael Correa Delgado. (Camilo Ponce)<\/p>\n","protected":false},"excerpt":{"rendered":"<p>QUITO.- El Partido Socialista al conmemorar los 88 a\u00f1os de su fundaci\u00f3n conocido como Tradici\u00f3n Socialista y 19 a\u00f1os de<\/p>\n","protected":false},"author":1,"featured_media":0,"comment_status":"open","ping_status":"open","sticky":false,"template":"","format":"standard","meta":{"footnotes":""},"categories":[3],"tags":[],"_links":{"self":[{"href":"https:\/\/www.ecuadoraldia.com.ec\/index.php?rest_route=\/wp\/v2\/posts\/2738"}],"collection":[{"href":"https:\/\/www.ecuadoraldia.com.ec\/index.php?rest_route=\/wp\/v2\/posts"}],"about":[{"href":"https:\/\/www.ecuadoraldia.com.ec\/index.php?rest_route=\/wp\/v2\/types\/post"}],"author":[{"embeddable":true,"href":"https:\/\/www.ecuadoraldia.com.ec\/index.php?rest_route=\/wp\/v2\/users\/1"}],"replies":[{"embeddable":true,"href":"https:\/\/www.ecuadoraldia.com.ec\/index.php?rest_route=%2Fwp%2Fv2%2Fcomments&post=2738"}],"version-history":[{"count":1,"href":"https:\/\/www.ecuadoraldia.com.ec\/index.php?rest_route=\/wp\/v2\/posts\/2738\/revisions"}],"predecessor-version":[{"id":2740,"href":"https:\/\/www.ecuadoraldia.com.ec\/index.php?rest_route=\/wp\/v2\/posts\/2738\/revisions\/2740"}],"wp:attachment":[{"href":"https:\/\/www.ecuadoraldia.com.ec\/index.php?rest_route=%2Fwp%2Fv2%2Fmedia&parent=2738"}],"wp:term":[{"taxonomy":"category","embeddable":true,"href":"https:\/\/www.ecuadoraldia.com.ec\/index.php?rest_route=%2Fwp%2Fv2%2Fcategories&post=2738"},{"taxonomy":"post_tag","embeddable":true,"href":"https:\/\/www.ecuadoraldia.com.ec\/index.php?rest_route=%2Fwp%2Fv2%2Ftags&post=2738"}],"curies":[{"name":"wp","href":"https:\/\/api.w.org\/{rel}","templated":true}]}}