{"id":2750,"date":"2014-05-25T20:16:39","date_gmt":"2014-05-25T20:16:39","guid":{"rendered":"http:\/\/www.ecuadoraldia.com.ec\/?p=2750"},"modified":"2014-05-25T20:16:59","modified_gmt":"2014-05-25T20:16:59","slug":"rodas-insiste-quito-es-la-ciudad-de-la-libertad","status":"publish","type":"post","link":"https:\/\/www.ecuadoraldia.com.ec\/?p=2750","title":{"rendered":"Rodas insiste: \u2018Quito es la ciudad de la libertad\u2019"},"content":{"rendered":"<p><a href=\"http:\/\/www.ecuadoraldia.com.ec\/wp-content\/uploads\/2014\/05\/mrodas1.jpg\"><img loading=\"lazy\" decoding=\"async\" class=\"alignleft size-medium wp-image-2751\" alt=\"mrodas\" src=\"http:\/\/www.ecuadoraldia.com.ec\/wp-content\/uploads\/2014\/05\/mrodas1-300x201.jpg\" width=\"300\" height=\"201\" srcset=\"https:\/\/www.ecuadoraldia.com.ec\/wp-content\/uploads\/2014\/05\/mrodas1-300x201.jpg 300w, https:\/\/www.ecuadoraldia.com.ec\/wp-content\/uploads\/2014\/05\/mrodas1.jpg 597w\" sizes=\"(max-width: 300px) 100vw, 300px\" \/><\/a>Con motivo de los 192 a\u00f1os de la Batalla de Pichincha, el alcalde de Quito, Mauricio Rodas, expres\u00f3 ayer una frase contundente sobre lo que hist\u00f3ricamente ha significado la capital ecuatoriana: \u201cQuito es la ciudad de la libertad, y eso qued\u00f3 plasmado desde aquel 24 de Mayo de 1822\u201d.<\/p>\n<p>Subray\u00f3, adem\u00e1s, que aquella tradici\u00f3n de lucha por la libertad se ha venido manteniendo en la ciudad. \u201cQuito se ha caracterizado por su rebeli\u00f3n ante la injusticia y la lucha inclaudicable por la libertad, por eso los quite\u00f1os somos amantes de la libertad en todas sus formas. Por eso mantenemos el compromiso de todos los quite\u00f1os de defender la libertad, como siempre lo hemos hecho\u201d, expres\u00f3 en el Colegio Benalc\u00e1zar antes de la toma del juramento a los estudiantes del tercer a\u00f1o de Bachillerato.<\/p>\n<p>En medio de una r\u00e1faga de aplausos, el Alcalde insisti\u00f3 en que su compromiso es \u201chacer de esta ciudad una tierra de la libertad, que no va a aceptar ninguna imposici\u00f3n o autoritarismo\u201d. Al respecto, hizo un llamado a los j\u00f3venes y a los cientos de asistentes a defender la libertad contra cualquier amenaza que pueda presentarse en el camino.<\/p>\n<p>Compromiso<\/p>\n<p>Rodas, quien estuvo acompa\u00f1ado de su esposa, Mar\u00eda Fernanda Pachecho, presidenta del Patronato San Jos\u00e9, reiter\u00f3 el compromiso de impulsar la educaci\u00f3n municipal, que se ha caracterizado por su alto nivel de eficiencia. Relat\u00f3 que durante su ingreso al establecimiento record\u00f3 los d\u00edas en que su padre era catedr\u00e1tico de Filosof\u00eda all\u00ed.<\/p>\n<p>De la Unidad Educativa Sucre igualmente resalt\u00f3 su tradici\u00f3n e importancia en la educaci\u00f3n de ni\u00f1os y j\u00f3venes a lo largo de varias d\u00e9cadas. En la ceremonia c\u00edvica, que inici\u00f3 a las 08:00, tom\u00f3 el juramento a los estudiantes tal como ocurri\u00f3 despu\u00e9s en el Benalc\u00e1zar.<\/p>\n<p>A pesar de la apretada agenda, Mauricio Rodas se dio tiempo para saludar a varios ni\u00f1os que le desearon \u00e9xitos en su gesti\u00f3n como primera autoridad de la ciudad.<\/p>\n<p>En estos dos actos solemnes estuvo acompa\u00f1ado, adem\u00e1s de por su esposa, por la vicealcaldesa, Daniela Chac\u00f3n; la concejala de Quito, Ivone Von Lippke; y Juan Pablo Bustamante, secretario metropolitano de Educaci\u00f3n. (la hora)<\/p>\n","protected":false},"excerpt":{"rendered":"<p>Con motivo de los 192 a\u00f1os de la Batalla de Pichincha, el alcalde de Quito, Mauricio Rodas, expres\u00f3 ayer una<\/p>\n","protected":false},"author":1,"featured_media":0,"comment_status":"open","ping_status":"open","sticky":false,"template":"","format":"standard","meta":{"footnotes":""},"categories":[3,14],"tags":[],"_links":{"self":[{"href":"https:\/\/www.ecuadoraldia.com.ec\/index.php?rest_route=\/wp\/v2\/posts\/2750"}],"collection":[{"href":"https:\/\/www.ecuadoraldia.com.ec\/index.php?rest_route=\/wp\/v2\/posts"}],"about":[{"href":"https:\/\/www.ecuadoraldia.com.ec\/index.php?rest_route=\/wp\/v2\/types\/post"}],"author":[{"embeddable":true,"href":"https:\/\/www.ecuadoraldia.com.ec\/index.php?rest_route=\/wp\/v2\/users\/1"}],"replies":[{"embeddable":true,"href":"https:\/\/www.ecuadoraldia.com.ec\/index.php?rest_route=%2Fwp%2Fv2%2Fcomments&post=2750"}],"version-history":[{"count":1,"href":"https:\/\/www.ecuadoraldia.com.ec\/index.php?rest_route=\/wp\/v2\/posts\/2750\/revisions"}],"predecessor-version":[{"id":2752,"href":"https:\/\/www.ecuadoraldia.com.ec\/index.php?rest_route=\/wp\/v2\/posts\/2750\/revisions\/2752"}],"wp:attachment":[{"href":"https:\/\/www.ecuadoraldia.com.ec\/index.php?rest_route=%2Fwp%2Fv2%2Fmedia&parent=2750"}],"wp:term":[{"taxonomy":"category","embeddable":true,"href":"https:\/\/www.ecuadoraldia.com.ec\/index.php?rest_route=%2Fwp%2Fv2%2Fcategories&post=2750"},{"taxonomy":"post_tag","embeddable":true,"href":"https:\/\/www.ecuadoraldia.com.ec\/index.php?rest_route=%2Fwp%2Fv2%2Ftags&post=2750"}],"curies":[{"name":"wp","href":"https:\/\/api.w.org\/{rel}","templated":true}]}}