{"id":2897,"date":"2014-05-30T00:16:23","date_gmt":"2014-05-30T00:16:23","guid":{"rendered":"http:\/\/www.ecuadoraldia.com.ec\/?p=2897"},"modified":"2014-05-30T00:16:23","modified_gmt":"2014-05-30T00:16:23","slug":"jacobson-posterga-su-visita-a-ecuador","status":"publish","type":"post","link":"https:\/\/www.ecuadoraldia.com.ec\/?p=2897","title":{"rendered":"Jacobson posterga su visita a Ecuador"},"content":{"rendered":"<p><a href=\"http:\/\/www.ecuadoraldia.com.ec\/wp-content\/uploads\/2014\/05\/Roberta-Jacobson_1.jpg\"><img loading=\"lazy\" decoding=\"async\" class=\"alignleft size-medium wp-image-2898\" alt=\"Roberta Jacobson_1\" src=\"http:\/\/www.ecuadoraldia.com.ec\/wp-content\/uploads\/2014\/05\/Roberta-Jacobson_1-300x200.jpg\" width=\"300\" height=\"200\" srcset=\"https:\/\/www.ecuadoraldia.com.ec\/wp-content\/uploads\/2014\/05\/Roberta-Jacobson_1-300x200.jpg 300w, https:\/\/www.ecuadoraldia.com.ec\/wp-content\/uploads\/2014\/05\/Roberta-Jacobson_1.jpg 600w\" sizes=\"(max-width: 300px) 100vw, 300px\" \/><\/a>El canciller Ricardo Pati\u00f1o anunci\u00f3 en su cuenta en Twitter que la subsecretaria de Estado adjunta para Am\u00e9rica Latina de Estados Unidos, Roberta Jacobson, aplaz\u00f3 su visita a Ecuador debido a problemas de agenda.<\/p>\n<p>La funcionaria estadounidense ten\u00eda previsto venir al pa\u00eds el 6 de junio, pero ahora la visita se realizar\u00e1 en julio, seg\u00fan indic\u00f3 el ministro.<\/p>\n<p>Pati\u00f1o hab\u00eda anunciado ayer que con Jacobson se pretend\u00eda abordar los casos (Jamil) Mahuad, (hermanos William y Roberto) Isa\u00edas y (Pedro) Delgado. Adem\u00e1s otros temas de inter\u00e9s bilateral.<br \/>\nSubsecretaria del Departamento de Estado Roberta Jacobson manifiesta problemas de agenda y posterga su visita al Ecuador para julio.<\/p>\n<p>&nbsp;<\/p>\n","protected":false},"excerpt":{"rendered":"<p>El canciller Ricardo Pati\u00f1o anunci\u00f3 en su cuenta en Twitter que la subsecretaria de Estado adjunta para Am\u00e9rica Latina de<\/p>\n","protected":false},"author":1,"featured_media":0,"comment_status":"open","ping_status":"open","sticky":false,"template":"","format":"standard","meta":{"footnotes":""},"categories":[1],"tags":[],"_links":{"self":[{"href":"https:\/\/www.ecuadoraldia.com.ec\/index.php?rest_route=\/wp\/v2\/posts\/2897"}],"collection":[{"href":"https:\/\/www.ecuadoraldia.com.ec\/index.php?rest_route=\/wp\/v2\/posts"}],"about":[{"href":"https:\/\/www.ecuadoraldia.com.ec\/index.php?rest_route=\/wp\/v2\/types\/post"}],"author":[{"embeddable":true,"href":"https:\/\/www.ecuadoraldia.com.ec\/index.php?rest_route=\/wp\/v2\/users\/1"}],"replies":[{"embeddable":true,"href":"https:\/\/www.ecuadoraldia.com.ec\/index.php?rest_route=%2Fwp%2Fv2%2Fcomments&post=2897"}],"version-history":[{"count":1,"href":"https:\/\/www.ecuadoraldia.com.ec\/index.php?rest_route=\/wp\/v2\/posts\/2897\/revisions"}],"predecessor-version":[{"id":2899,"href":"https:\/\/www.ecuadoraldia.com.ec\/index.php?rest_route=\/wp\/v2\/posts\/2897\/revisions\/2899"}],"wp:attachment":[{"href":"https:\/\/www.ecuadoraldia.com.ec\/index.php?rest_route=%2Fwp%2Fv2%2Fmedia&parent=2897"}],"wp:term":[{"taxonomy":"category","embeddable":true,"href":"https:\/\/www.ecuadoraldia.com.ec\/index.php?rest_route=%2Fwp%2Fv2%2Fcategories&post=2897"},{"taxonomy":"post_tag","embeddable":true,"href":"https:\/\/www.ecuadoraldia.com.ec\/index.php?rest_route=%2Fwp%2Fv2%2Ftags&post=2897"}],"curies":[{"name":"wp","href":"https:\/\/api.w.org\/{rel}","templated":true}]}}