{"id":2900,"date":"2014-05-30T00:17:58","date_gmt":"2014-05-30T00:17:58","guid":{"rendered":"http:\/\/www.ecuadoraldia.com.ec\/?p=2900"},"modified":"2014-05-30T00:17:58","modified_gmt":"2014-05-30T00:17:58","slug":"mera-descarta-pedir-sanciones-a-jueces-del-caso-zamora","status":"publish","type":"post","link":"https:\/\/www.ecuadoraldia.com.ec\/?p=2900","title":{"rendered":"Mera descarta pedir sanciones a jueces del caso Zamora"},"content":{"rendered":"<p><a href=\"http:\/\/www.ecuadoraldia.com.ec\/wp-content\/uploads\/2014\/05\/alexis-mera.jpg\"><img loading=\"lazy\" decoding=\"async\" class=\"alignleft size-medium wp-image-2901\" alt=\"alexis mera\" src=\"http:\/\/www.ecuadoraldia.com.ec\/wp-content\/uploads\/2014\/05\/alexis-mera-300x279.jpg\" width=\"300\" height=\"279\" srcset=\"https:\/\/www.ecuadoraldia.com.ec\/wp-content\/uploads\/2014\/05\/alexis-mera-300x279.jpg 300w, https:\/\/www.ecuadoraldia.com.ec\/wp-content\/uploads\/2014\/05\/alexis-mera.jpg 387w\" sizes=\"(max-width: 300px) 100vw, 300px\" \/><\/a>El secretario Jur\u00eddico de la Presidencia, Alexis Mera Giler, afirm\u00f3 que desde el Ejecutivo no se pidi\u00f3 ni se pedir\u00e1 una sanci\u00f3n en contra de los jueces que aceptaron el recurso de casaci\u00f3n interpuesto por la expresidenta de la Uni\u00f3n Nacional de educadores UNE, Mery Zamora.<\/p>\n<p>En declaraciones a la cedena televisiva Ecuavisa, Mera dijo que \u201cla intenci\u00f3n del Gobierno no es pedir una sanci\u00f3n, eso sonar\u00eda a venganza y no cabe pensar en eso\u201d. Adem\u00e1s dijo que la ministra de Justicia, Ledy Z\u00fa\u00f1iga, est\u00e1 en todo su derecho de analizar la decisi\u00f3n del tribunal conformado por Johnny Ayluardo, Mariana Yumbay y Ximena Vintimilla.<\/p>\n<p>Este Tribunal el martes pasado acept\u00f3 de forma un\u00e1nime el recurso de casaci\u00f3n interpuesto por los abogados de Zamora. Con esta resoluci\u00f3n, qued\u00f3 abajo la sentencia de 8 a\u00f1os de prisi\u00f3n para la dirigente de la UNE y militante del Movimiento Popular Democr\u00e1tico (MPD), quien estuvo procesada por el delito de sabotaje y terrorismo efectuados durante los acontecimientos del 30 de septiembre del 2010, cuando la procesada participaba de algunos eventos en el colegio Aguirre Abad de Guayaquil.<\/p>\n<p>Zamora, dejo ayer en una entrevista en Radio Magestad de Quito, que no descarta la posibilidad de iniciar un juicio de repetici\u00f3n en contra del Presidente de la Rep\u00fablica, Rafael Correa, por cuanto la figura del delito de sabotaje y terrorismo que se le imputan no han sido probados.<\/p>\n","protected":false},"excerpt":{"rendered":"<p>El secretario Jur\u00eddico de la Presidencia, Alexis Mera Giler, afirm\u00f3 que desde el Ejecutivo no se pidi\u00f3 ni se pedir\u00e1<\/p>\n","protected":false},"author":1,"featured_media":0,"comment_status":"open","ping_status":"open","sticky":false,"template":"","format":"standard","meta":{"footnotes":""},"categories":[3],"tags":[],"_links":{"self":[{"href":"https:\/\/www.ecuadoraldia.com.ec\/index.php?rest_route=\/wp\/v2\/posts\/2900"}],"collection":[{"href":"https:\/\/www.ecuadoraldia.com.ec\/index.php?rest_route=\/wp\/v2\/posts"}],"about":[{"href":"https:\/\/www.ecuadoraldia.com.ec\/index.php?rest_route=\/wp\/v2\/types\/post"}],"author":[{"embeddable":true,"href":"https:\/\/www.ecuadoraldia.com.ec\/index.php?rest_route=\/wp\/v2\/users\/1"}],"replies":[{"embeddable":true,"href":"https:\/\/www.ecuadoraldia.com.ec\/index.php?rest_route=%2Fwp%2Fv2%2Fcomments&post=2900"}],"version-history":[{"count":1,"href":"https:\/\/www.ecuadoraldia.com.ec\/index.php?rest_route=\/wp\/v2\/posts\/2900\/revisions"}],"predecessor-version":[{"id":2902,"href":"https:\/\/www.ecuadoraldia.com.ec\/index.php?rest_route=\/wp\/v2\/posts\/2900\/revisions\/2902"}],"wp:attachment":[{"href":"https:\/\/www.ecuadoraldia.com.ec\/index.php?rest_route=%2Fwp%2Fv2%2Fmedia&parent=2900"}],"wp:term":[{"taxonomy":"category","embeddable":true,"href":"https:\/\/www.ecuadoraldia.com.ec\/index.php?rest_route=%2Fwp%2Fv2%2Fcategories&post=2900"},{"taxonomy":"post_tag","embeddable":true,"href":"https:\/\/www.ecuadoraldia.com.ec\/index.php?rest_route=%2Fwp%2Fv2%2Ftags&post=2900"}],"curies":[{"name":"wp","href":"https:\/\/api.w.org\/{rel}","templated":true}]}}