{"id":2903,"date":"2014-05-30T00:19:28","date_gmt":"2014-05-30T00:19:28","guid":{"rendered":"http:\/\/www.ecuadoraldia.com.ec\/?p=2903"},"modified":"2014-05-30T00:19:28","modified_gmt":"2014-05-30T00:19:28","slug":"amplio-debate-genero-el-proyecto-de-ley-de-servicio-publico-del-sector-electrico","status":"publish","type":"post","link":"https:\/\/www.ecuadoraldia.com.ec\/?p=2903","title":{"rendered":"Amplio debate gener\u00f3 el proyecto de Ley de Servicio P\u00fablico del Sector El\u00e9ctrico"},"content":{"rendered":"<p><a href=\"http:\/\/www.ecuadoraldia.com.ec\/wp-content\/uploads\/2014\/05\/electric.jpg\"><img loading=\"lazy\" decoding=\"async\" class=\"alignleft size-medium wp-image-2904\" alt=\"electric\" src=\"http:\/\/www.ecuadoraldia.com.ec\/wp-content\/uploads\/2014\/05\/electric-300x130.jpg\" width=\"300\" height=\"130\" srcset=\"https:\/\/www.ecuadoraldia.com.ec\/wp-content\/uploads\/2014\/05\/electric-300x130.jpg 300w, https:\/\/www.ecuadoraldia.com.ec\/wp-content\/uploads\/2014\/05\/electric.jpg 341w\" sizes=\"(max-width: 300px) 100vw, 300px\" \/><\/a>En la sesi\u00f3n 281 del Pleno, parlamentarios de distintas bancadas partidistas coincidieron que es necesario actualizar el marco legal del sector el\u00e9ctrico ajust\u00e1ndole a la normativa constitucional y la realidad del pa\u00eds, con una estructura moderna mediante pol\u00edticas p\u00fablicas y planificaci\u00f3n adecuada que permitan el buen vivir de todos los ciudadanos.<\/p>\n<p>En la jornada matutina 12 legisladores dieron sus opiniones respecto de este tema. Recordaron que por varios a\u00f1os el sector el\u00e9ctrico mostr\u00f3 se\u00f1ales de fragilidad con la ausencia de pol\u00edticas p\u00fablicas, que existi\u00f3 un esquema discrecional de fijaci\u00f3n de precios, en funci\u00f3n de criterios particulares de cada una de las empresas de distribuci\u00f3n de energ\u00eda, de all\u00ed la necesidad de establecer una tarifa \u00fanica con base a par\u00e1metros eminentemente t\u00e9cnicos.<\/p>\n<p>Alertaron que el nuevo organismo de control, Arconel, podr\u00eda caer en la misma estructura de ineficiencia del antiguo Instituto Nacional de Electrificaci\u00f3n INECEL, a la vez que consideraron que es adecuado que se incluya en la normativa el soterramiento de las redes de conducci\u00f3n el\u00e9ctrica, pero que habr\u00eda que considerar algunas excepciones como el caso de ciertos municipios que son demasiado peque\u00f1os y no tienen la infraestructura para cumplir esta obligaci\u00f3n.<\/p>\n<p>Igualmente, manifestaron que si bien la ley de 1996 que est\u00e1 vigente no es perfecta, ha sido el marco jur\u00eddico que permiti\u00f3 a la actual administraci\u00f3n poner en marcha ocho proyectos hidroel\u00e9ctricos, por tanto, lo conveniente ser\u00eda ver qu\u00e9 se debe fortalecer en la normativa para alcanzar la eficiencia energ\u00e9tica. Precisaron que preocupa alguna de las causales para la caducidad de contratos de concesi\u00f3n, por lo que pidieron al organismo respectivo profundice el an\u00e1lisis de este tema.<\/p>\n<p>As\u00ed mismo, solicitaron que en la normativa se garantice la aplicaci\u00f3n de la norma constitucional a favor de la poblaci\u00f3n de la tercera edad. Consideraron que es oportuno la eliminaci\u00f3n del art\u00edculo 60 del proyecto de ley, tomando en cuenta que es importante garantizar que el cuerpo de bomberos cuente con los recursos necesarios para cumplir su funci\u00f3n.<\/p>\n<p>Indicaron que es necesario garantizar el servicio de energ\u00eda el\u00e9ctrica y que se regule la participaci\u00f3n de los sectores p\u00fablico y privado, as\u00ed como establecer mecanismos de eficiencia energ\u00e9tica que evite los apagones que en determinadas ocasiones se presentan en el pa\u00eds. (Asamblea nacional)<\/p>\n","protected":false},"excerpt":{"rendered":"<p>En la sesi\u00f3n 281 del Pleno, parlamentarios de distintas bancadas partidistas coincidieron que es necesario actualizar el marco legal del<\/p>\n","protected":false},"author":1,"featured_media":0,"comment_status":"open","ping_status":"open","sticky":false,"template":"","format":"standard","meta":{"footnotes":""},"categories":[11],"tags":[],"_links":{"self":[{"href":"https:\/\/www.ecuadoraldia.com.ec\/index.php?rest_route=\/wp\/v2\/posts\/2903"}],"collection":[{"href":"https:\/\/www.ecuadoraldia.com.ec\/index.php?rest_route=\/wp\/v2\/posts"}],"about":[{"href":"https:\/\/www.ecuadoraldia.com.ec\/index.php?rest_route=\/wp\/v2\/types\/post"}],"author":[{"embeddable":true,"href":"https:\/\/www.ecuadoraldia.com.ec\/index.php?rest_route=\/wp\/v2\/users\/1"}],"replies":[{"embeddable":true,"href":"https:\/\/www.ecuadoraldia.com.ec\/index.php?rest_route=%2Fwp%2Fv2%2Fcomments&post=2903"}],"version-history":[{"count":1,"href":"https:\/\/www.ecuadoraldia.com.ec\/index.php?rest_route=\/wp\/v2\/posts\/2903\/revisions"}],"predecessor-version":[{"id":2905,"href":"https:\/\/www.ecuadoraldia.com.ec\/index.php?rest_route=\/wp\/v2\/posts\/2903\/revisions\/2905"}],"wp:attachment":[{"href":"https:\/\/www.ecuadoraldia.com.ec\/index.php?rest_route=%2Fwp%2Fv2%2Fmedia&parent=2903"}],"wp:term":[{"taxonomy":"category","embeddable":true,"href":"https:\/\/www.ecuadoraldia.com.ec\/index.php?rest_route=%2Fwp%2Fv2%2Fcategories&post=2903"},{"taxonomy":"post_tag","embeddable":true,"href":"https:\/\/www.ecuadoraldia.com.ec\/index.php?rest_route=%2Fwp%2Fv2%2Ftags&post=2903"}],"curies":[{"name":"wp","href":"https:\/\/api.w.org\/{rel}","templated":true}]}}