{"id":2909,"date":"2014-05-30T00:22:45","date_gmt":"2014-05-30T00:22:45","guid":{"rendered":"http:\/\/www.ecuadoraldia.com.ec\/?p=2909"},"modified":"2014-05-30T00:22:45","modified_gmt":"2014-05-30T00:22:45","slug":"prision-por-peculado-para-jamil-mahuad","status":"publish","type":"post","link":"https:\/\/www.ecuadoraldia.com.ec\/?p=2909","title":{"rendered":"Prisi\u00f3n por peculado para Jamil Mahuad"},"content":{"rendered":"<p><a href=\"http:\/\/www.ecuadoraldia.com.ec\/wp-content\/uploads\/2014\/05\/j-mahuad.jpeg\"><img loading=\"lazy\" decoding=\"async\" class=\"alignleft size-full wp-image-2910\" alt=\"j mahuad\" src=\"http:\/\/www.ecuadoraldia.com.ec\/wp-content\/uploads\/2014\/05\/j-mahuad.jpeg\" width=\"300\" height=\"225\" \/><\/a>La Sala de lo Penal de la Corte Nacional de Justicia (CNJ) declar\u00f3 este jueves culpable en calidad de autor del delito de peculado al expresidente de la Rep\u00fablica, Jamil Mahuad (1998-2000), a quien tambi\u00e9n sentenci\u00f3 a 12 a\u00f1os de reclusi\u00f3n mayor ordinaria.<\/p>\n<p>Seg\u00fan el fallo de primera instancia, la condena es \u00absin atenuantes que considerar, debido a la enorme alarma social que ha causado el delito cometido por el encausado, cuyas consecuencias contin\u00faa padeciendo la sociedad ecuatoriana hasta la presente fecha\u00bb.<\/p>\n<p>El delito de peculado est\u00e1 tipificado y sancionado en el art\u00edculo 257, inciso primero del C\u00f3digo Penal.<\/p>\n<p>La sentencia est\u00e1 firmada por la jueza nacional Ximena Vintimilla.<\/p>\n<p>El martes, la Polic\u00eda Internacional (Interpol) expidi\u00f3 una circular roja contra Mahuad.<\/p>\n<p>Antecedentes<\/p>\n<p>Tras su ca\u00edda del poder en enero de 2000, la Corte Suprema de Justicia de Ecuador inici\u00f3 un proceso penal contra Mahuad y dict\u00f3 su prisi\u00f3n preventiva por el delito de peculado (malversaci\u00f3n), debido a la congelaci\u00f3n de los dep\u00f3sitos bancarios ordenada por \u00e9l en 1999, lo que agudiz\u00f3 la crisis financiera.<\/p>\n<p>De acuerdo a las pruebas presentadas por la Fiscal\u00eda ante la Corte, los decretos ejecutivos 681 y 685 firmados por el exmandatario violaron normas constitucionales de la \u00e9poca.<\/p>\n<p>La Fiscal\u00eda determin\u00f3 que el congelamiento de fondos se ejecut\u00f3 con la finalidad de beneficiar a los propietarios, gerentes o administradores de los bancos privados con iliquidez, lo que caus\u00f3 un enorme perjuicio econ\u00f3mico a la ciudadan\u00eda ecuatoriana.<\/p>\n<p>Adem\u00e1s, el Ministerio P\u00fablico se\u00f1al\u00f3 la relaci\u00f3n entre Mahuad y los directivos de la banca privada de aquellos a\u00f1os, a quienes, seg\u00fan las investigaciones, se protegi\u00f3 con la firma del Decreto 685, en el que se orden\u00f3 la retenci\u00f3n de los dep\u00f3sitos.<\/p>\n<p>Instituciones como la Agencia de Garant\u00eda de Dep\u00f3sitos (AGD) y la Comisi\u00f3n de investigaci\u00f3n de la Crisis Econ\u00f3mica Financiera calculan que el costo de las decisiones del mandatario para el pa\u00eds fue de 8.072 millones de d\u00f3lares.<\/p>\n<p>La crisis financiera que se desat\u00f3 entonces es considerada como la peor de la historia nacional.<\/p>\n<p>Una treintena de entidades financieras fueron intervenidas en aquella \u00e9poca, en la que incluso se registraron varios casos de suicidio por la congelaci\u00f3n de los dep\u00f3sitos de los ahorradores.<\/p>\n<p>&nbsp;<\/p>\n","protected":false},"excerpt":{"rendered":"<p>La Sala de lo Penal de la Corte Nacional de Justicia (CNJ) declar\u00f3 este jueves culpable en calidad de autor<\/p>\n","protected":false},"author":1,"featured_media":0,"comment_status":"open","ping_status":"open","sticky":false,"template":"","format":"standard","meta":{"footnotes":""},"categories":[5],"tags":[],"_links":{"self":[{"href":"https:\/\/www.ecuadoraldia.com.ec\/index.php?rest_route=\/wp\/v2\/posts\/2909"}],"collection":[{"href":"https:\/\/www.ecuadoraldia.com.ec\/index.php?rest_route=\/wp\/v2\/posts"}],"about":[{"href":"https:\/\/www.ecuadoraldia.com.ec\/index.php?rest_route=\/wp\/v2\/types\/post"}],"author":[{"embeddable":true,"href":"https:\/\/www.ecuadoraldia.com.ec\/index.php?rest_route=\/wp\/v2\/users\/1"}],"replies":[{"embeddable":true,"href":"https:\/\/www.ecuadoraldia.com.ec\/index.php?rest_route=%2Fwp%2Fv2%2Fcomments&post=2909"}],"version-history":[{"count":1,"href":"https:\/\/www.ecuadoraldia.com.ec\/index.php?rest_route=\/wp\/v2\/posts\/2909\/revisions"}],"predecessor-version":[{"id":2912,"href":"https:\/\/www.ecuadoraldia.com.ec\/index.php?rest_route=\/wp\/v2\/posts\/2909\/revisions\/2912"}],"wp:attachment":[{"href":"https:\/\/www.ecuadoraldia.com.ec\/index.php?rest_route=%2Fwp%2Fv2%2Fmedia&parent=2909"}],"wp:term":[{"taxonomy":"category","embeddable":true,"href":"https:\/\/www.ecuadoraldia.com.ec\/index.php?rest_route=%2Fwp%2Fv2%2Fcategories&post=2909"},{"taxonomy":"post_tag","embeddable":true,"href":"https:\/\/www.ecuadoraldia.com.ec\/index.php?rest_route=%2Fwp%2Fv2%2Ftags&post=2909"}],"curies":[{"name":"wp","href":"https:\/\/api.w.org\/{rel}","templated":true}]}}