{"id":2950,"date":"2014-05-30T13:59:52","date_gmt":"2014-05-30T13:59:52","guid":{"rendered":"http:\/\/www.ecuadoraldia.com.ec\/?p=2950"},"modified":"2014-05-30T13:59:52","modified_gmt":"2014-05-30T13:59:52","slug":"arbitros-mundialistas-viajan-a-brasil","status":"publish","type":"post","link":"https:\/\/www.ecuadoraldia.com.ec\/?p=2950","title":{"rendered":"\u00c1rbitros  mundialistas viajan a Brasil"},"content":{"rendered":"<p><a href=\"http:\/\/www.ecuadoraldia.com.ec\/wp-content\/uploads\/2014\/05\/terna.jpg\"><img loading=\"lazy\" decoding=\"async\" class=\"alignleft size-medium wp-image-2951\" alt=\"BARCELONA VS LIGA DE LOJA\" src=\"http:\/\/www.ecuadoraldia.com.ec\/wp-content\/uploads\/2014\/05\/terna-300x294.jpg\" width=\"300\" height=\"294\" srcset=\"https:\/\/www.ecuadoraldia.com.ec\/wp-content\/uploads\/2014\/05\/terna-300x294.jpg 300w, https:\/\/www.ecuadoraldia.com.ec\/wp-content\/uploads\/2014\/05\/terna.jpg 612w\" sizes=\"(max-width: 300px) 100vw, 300px\" \/><\/a>Los tres \u00e1rbitros ecuatorianos que asistir\u00e1n al Mundial de Brasil se conocen hasta las miradas. Esa aseveraci\u00f3n la hizo el asistente Byron Romero, quien apoyar\u00e1 en las l\u00edneas, junto con Christian Lescano, al central Carlos Vera. El torneo empezar\u00e1 el 12 de junio y culminar\u00e1 el 13 de julio con el partido final, instancia a la que aspiran llegar por primera vez en la historia del arbitraje nacional. Al menos ese es el prop\u00f3sito que se fijaron desde cuando la FIFA confirm\u00f3 la participaci\u00f3n de ellos, el pasado 15 de enero.En estos \u00faltimos d\u00edas de descanso que han tenido,antes del viaje a Brasil, los \u00e1rbitros aprovecharon el tiempo para estar con sus familiares, amigos y recibir los \u00faltimos consejos de c\u00f3mo pitar en la Copa.Vera, que viene de una familia ligada a esta actividad, escuch\u00f3 con atenci\u00f3n las recomendaciones que le dio su hermano Sandro, en cuanto al manejo de la presi\u00f3n. Para seguir con la tradici\u00f3n, su hijo mayor (que tiene su mismo nombre) con 19 a\u00f1os, ya es r\u00e9feri de Cuarta Categor\u00eda, afiliado a la Asociaci\u00f3n de Pichincha. Aunque Vera no quer\u00eda que siga sus pasos por el sacrificio de tiempo que conlleva el arbitraje, asegura que lo apoya en su decisi\u00f3n.El 25 de junio -cuando Ecuador jugar\u00e1 con Francia- Vera cumplir\u00e1 38 a\u00f1os. Esto le da la esperanza de repetir el sue\u00f1o mundialista en el 2018. Seg\u00fan lo determina la FIFA, la edad m\u00e1xima para dirigir a escala internacional son 45 a\u00f1os y para el Mundial de Rusia el juez tendr\u00e1 42 a\u00f1os. Pero para eso, deber\u00e1 mostrar un buen rendimiento en las canchas de Brasil y sus colaboradores ser\u00e1n determinantes en esa tarea.Vera, Lescano y Romero han dirigido juntos desde hace tres a\u00f1os en la mayor\u00eda de programaciones locales e internacionales. Pitaron en el Mundial de Clubes 2012 y en el Mundial Sub 17 de M\u00e9xico 2011. Adem\u00e1s, han estado juntos en las copas Libertadores y Sudamericana.Ese recorrido internacional es el que les da tranquilidad, sumado a los afectos que han sentido en estos d\u00edas. Romero, de 33 a\u00f1os y nacido en Bucay, por ejemplo, llevar\u00e1 consigo las fotos de su esposa, de sus dos hijos, de sus padres y de sus otros nueve hermanos. Adem\u00e1s, un amigo le obsequi\u00f3 una estampita de la Virgen de El Cisne, para \u201cencomendarnos en cada partido\u201d.Mientras que Lescano, el m\u00e1s joven de todos (cumplir\u00e1 31 a\u00f1os el 7 de junio), tambi\u00e9n llevar\u00e1 consigo fotos de su familia. Sin embargo, como es cristiano, no portar\u00e1 ninguna imagen religiosa. Aunque asegur\u00f3 que Dios los bendecir\u00e1 durante el Mundial. Todos le desearon buena suerte y uno de sus hermanos le dio unos zapatos playeros con el escudo de Ecuador, para que pise suelo brasile\u00f1o con firmeza.<\/p>\n<p>ElComercio.com<\/p>\n","protected":false},"excerpt":{"rendered":"<p>Los tres \u00e1rbitros ecuatorianos que asistir\u00e1n al Mundial de Brasil se conocen hasta las miradas. Esa aseveraci\u00f3n la hizo el<\/p>\n","protected":false},"author":1,"featured_media":0,"comment_status":"open","ping_status":"open","sticky":false,"template":"","format":"standard","meta":{"footnotes":""},"categories":[10],"tags":[],"_links":{"self":[{"href":"https:\/\/www.ecuadoraldia.com.ec\/index.php?rest_route=\/wp\/v2\/posts\/2950"}],"collection":[{"href":"https:\/\/www.ecuadoraldia.com.ec\/index.php?rest_route=\/wp\/v2\/posts"}],"about":[{"href":"https:\/\/www.ecuadoraldia.com.ec\/index.php?rest_route=\/wp\/v2\/types\/post"}],"author":[{"embeddable":true,"href":"https:\/\/www.ecuadoraldia.com.ec\/index.php?rest_route=\/wp\/v2\/users\/1"}],"replies":[{"embeddable":true,"href":"https:\/\/www.ecuadoraldia.com.ec\/index.php?rest_route=%2Fwp%2Fv2%2Fcomments&post=2950"}],"version-history":[{"count":1,"href":"https:\/\/www.ecuadoraldia.com.ec\/index.php?rest_route=\/wp\/v2\/posts\/2950\/revisions"}],"predecessor-version":[{"id":2952,"href":"https:\/\/www.ecuadoraldia.com.ec\/index.php?rest_route=\/wp\/v2\/posts\/2950\/revisions\/2952"}],"wp:attachment":[{"href":"https:\/\/www.ecuadoraldia.com.ec\/index.php?rest_route=%2Fwp%2Fv2%2Fmedia&parent=2950"}],"wp:term":[{"taxonomy":"category","embeddable":true,"href":"https:\/\/www.ecuadoraldia.com.ec\/index.php?rest_route=%2Fwp%2Fv2%2Fcategories&post=2950"},{"taxonomy":"post_tag","embeddable":true,"href":"https:\/\/www.ecuadoraldia.com.ec\/index.php?rest_route=%2Fwp%2Fv2%2Ftags&post=2950"}],"curies":[{"name":"wp","href":"https:\/\/api.w.org\/{rel}","templated":true}]}}