{"id":2956,"date":"2014-05-30T14:02:01","date_gmt":"2014-05-30T14:02:01","guid":{"rendered":"http:\/\/www.ecuadoraldia.com.ec\/?p=2956"},"modified":"2014-05-30T14:02:01","modified_gmt":"2014-05-30T14:02:01","slug":"los-cambios-en-el-pico-y-placa-son-posibles","status":"publish","type":"post","link":"https:\/\/www.ecuadoraldia.com.ec\/?p=2956","title":{"rendered":"Los cambios en el &#8216;Pico y placa&#8217;, \u00bfson posibles?"},"content":{"rendered":"<p><a href=\"http:\/\/www.ecuadoraldia.com.ec\/wp-content\/uploads\/2014\/05\/pico-y-placa.jpg\"><img loading=\"lazy\" decoding=\"async\" class=\"alignleft size-medium wp-image-2957\" alt=\"pico y placa\" src=\"http:\/\/www.ecuadoraldia.com.ec\/wp-content\/uploads\/2014\/05\/pico-y-placa-211x300.jpg\" width=\"211\" height=\"300\" srcset=\"https:\/\/www.ecuadoraldia.com.ec\/wp-content\/uploads\/2014\/05\/pico-y-placa-211x300.jpg 211w, https:\/\/www.ecuadoraldia.com.ec\/wp-content\/uploads\/2014\/05\/pico-y-placa-722x1024.jpg 722w, https:\/\/www.ecuadoraldia.com.ec\/wp-content\/uploads\/2014\/05\/pico-y-placa.jpg 1000w\" sizes=\"(max-width: 211px) 100vw, 211px\" \/><\/a>En su plan de campa\u00f1a, el actual alcalde de Quito, Mauricio Rodas, se refiri\u00f3 a varias acciones relacionadas con el sistema pico y placa. El objetivo, a futuro, es \u201cllegar a eliminar la medida\u201d. Pero esto ocurrir\u00e1 una vez que se hayan puesto en marcha reformas integrales, en el Sistema de Transporte P\u00fablico Metropolitano y la reingenier\u00eda vial que lleve a lograr la descongesti\u00f3n del tr\u00e1nsito en el Distrito.<\/p>\n<p>Si<\/p>\n<p>367 votos 69.8%<br \/>\nNo<\/p>\n<p>159 votos 30.2%<br \/>\nEL COMERCIO<\/p>\n","protected":false},"excerpt":{"rendered":"<p>En su plan de campa\u00f1a, el actual alcalde de Quito, Mauricio Rodas, se refiri\u00f3 a varias acciones relacionadas con el<\/p>\n","protected":false},"author":1,"featured_media":0,"comment_status":"open","ping_status":"open","sticky":false,"template":"","format":"standard","meta":{"footnotes":""},"categories":[14],"tags":[],"_links":{"self":[{"href":"https:\/\/www.ecuadoraldia.com.ec\/index.php?rest_route=\/wp\/v2\/posts\/2956"}],"collection":[{"href":"https:\/\/www.ecuadoraldia.com.ec\/index.php?rest_route=\/wp\/v2\/posts"}],"about":[{"href":"https:\/\/www.ecuadoraldia.com.ec\/index.php?rest_route=\/wp\/v2\/types\/post"}],"author":[{"embeddable":true,"href":"https:\/\/www.ecuadoraldia.com.ec\/index.php?rest_route=\/wp\/v2\/users\/1"}],"replies":[{"embeddable":true,"href":"https:\/\/www.ecuadoraldia.com.ec\/index.php?rest_route=%2Fwp%2Fv2%2Fcomments&post=2956"}],"version-history":[{"count":1,"href":"https:\/\/www.ecuadoraldia.com.ec\/index.php?rest_route=\/wp\/v2\/posts\/2956\/revisions"}],"predecessor-version":[{"id":2958,"href":"https:\/\/www.ecuadoraldia.com.ec\/index.php?rest_route=\/wp\/v2\/posts\/2956\/revisions\/2958"}],"wp:attachment":[{"href":"https:\/\/www.ecuadoraldia.com.ec\/index.php?rest_route=%2Fwp%2Fv2%2Fmedia&parent=2956"}],"wp:term":[{"taxonomy":"category","embeddable":true,"href":"https:\/\/www.ecuadoraldia.com.ec\/index.php?rest_route=%2Fwp%2Fv2%2Fcategories&post=2956"},{"taxonomy":"post_tag","embeddable":true,"href":"https:\/\/www.ecuadoraldia.com.ec\/index.php?rest_route=%2Fwp%2Fv2%2Ftags&post=2956"}],"curies":[{"name":"wp","href":"https:\/\/api.w.org\/{rel}","templated":true}]}}