{"id":3401,"date":"2014-07-15T00:07:12","date_gmt":"2014-07-15T00:07:12","guid":{"rendered":"http:\/\/www.ecuadoraldia.com.ec\/?p=3401"},"modified":"2014-07-15T00:07:12","modified_gmt":"2014-07-15T00:07:12","slug":"egipto-propone-un-alto-el-fuego-en-gaza","status":"publish","type":"post","link":"https:\/\/www.ecuadoraldia.com.ec\/?p=3401","title":{"rendered":"Egipto propone un alto el fuego en Gaza"},"content":{"rendered":"<p><a href=\"http:\/\/www.ecuadoraldia.com.ec\/wp-content\/uploads\/2014\/07\/egipto.jpg\"><img loading=\"lazy\" decoding=\"async\" class=\"alignleft size-medium wp-image-3402\" alt=\"egipto\" src=\"http:\/\/www.ecuadoraldia.com.ec\/wp-content\/uploads\/2014\/07\/egipto-300x187.jpg\" width=\"300\" height=\"187\" srcset=\"https:\/\/www.ecuadoraldia.com.ec\/wp-content\/uploads\/2014\/07\/egipto-300x187.jpg 300w, https:\/\/www.ecuadoraldia.com.ec\/wp-content\/uploads\/2014\/07\/egipto.jpg 450w\" sizes=\"(max-width: 300px) 100vw, 300px\" \/><\/a>Agencia AFP. Egipto propuso este lunes por la noche una iniciativa para poner fin al conflicto en la Franja de Gaza, pidiendo a los israel\u00edes y al movimiento palestino Hamas cesar las hostilidades a partir del martes a las 06:00 GMT, luego de una semana sangrienta.<\/p>\n<p>El Cairo propuso este cese el fuego poco antes de la apertura de una reuni\u00f3n de los ministro de Relaciones Exteriores de la Liga \u00e1rabe, convocada de urgencia en la capital egipcia para discutir la ofensiva israel\u00ed que dej\u00f3 en siete d\u00edas a m\u00e1s de 180 palestinos muertos en Gaza, la mayor\u00eda de ellos civiles.<\/p>\n<p>Esta propuesta se produjo poco despu\u00e9s de conocerse que el secretario de Estado estadounidense, John Kerry, viajar\u00e1 el martes a Egipto en el marco de los esfuerzos diplom\u00e1ticos para obtener un cese de las hostiliddes entre Israel y el movimiento palestino Hamas en la Franja de Gaza.<\/p>\n<p>\u00abKerry viajar\u00e1 a Egipto ma\u00f1ana, martes, para discusiones con altos responsables\u00bb, anunci\u00f3 la agencia oficial egipcia MENA.<\/p>\n<p>El jefe de la diplomacia de Washington convers\u00f3 el domingo por tel\u00e9fono con su hom\u00f3logo egipcio, Sameh Chukri, sobre el conflicto en Gaza, a\u00f1adi\u00f3 la fuente.<\/p>\n<p>Kerry llam\u00f3 el domingo al primer ministro israel\u00ed Benjamin Netanyahu para reafirmar que Estados Unidos est\u00e1 dispuesto a aportar su ayuda para lograr una tregua, indicaron medios de prensa egipcios<\/p>\n<p>Los bombardeos israel\u00edes en la Franja de Gaza causaron en una semana 184 muertos.<\/p>\n","protected":false},"excerpt":{"rendered":"<p>Agencia AFP. Egipto propuso este lunes por la noche una iniciativa para poner fin al conflicto en la Franja de<\/p>\n","protected":false},"author":1,"featured_media":0,"comment_status":"open","ping_status":"open","sticky":false,"template":"","format":"standard","meta":{"footnotes":""},"categories":[7],"tags":[],"_links":{"self":[{"href":"https:\/\/www.ecuadoraldia.com.ec\/index.php?rest_route=\/wp\/v2\/posts\/3401"}],"collection":[{"href":"https:\/\/www.ecuadoraldia.com.ec\/index.php?rest_route=\/wp\/v2\/posts"}],"about":[{"href":"https:\/\/www.ecuadoraldia.com.ec\/index.php?rest_route=\/wp\/v2\/types\/post"}],"author":[{"embeddable":true,"href":"https:\/\/www.ecuadoraldia.com.ec\/index.php?rest_route=\/wp\/v2\/users\/1"}],"replies":[{"embeddable":true,"href":"https:\/\/www.ecuadoraldia.com.ec\/index.php?rest_route=%2Fwp%2Fv2%2Fcomments&post=3401"}],"version-history":[{"count":1,"href":"https:\/\/www.ecuadoraldia.com.ec\/index.php?rest_route=\/wp\/v2\/posts\/3401\/revisions"}],"predecessor-version":[{"id":3403,"href":"https:\/\/www.ecuadoraldia.com.ec\/index.php?rest_route=\/wp\/v2\/posts\/3401\/revisions\/3403"}],"wp:attachment":[{"href":"https:\/\/www.ecuadoraldia.com.ec\/index.php?rest_route=%2Fwp%2Fv2%2Fmedia&parent=3401"}],"wp:term":[{"taxonomy":"category","embeddable":true,"href":"https:\/\/www.ecuadoraldia.com.ec\/index.php?rest_route=%2Fwp%2Fv2%2Fcategories&post=3401"},{"taxonomy":"post_tag","embeddable":true,"href":"https:\/\/www.ecuadoraldia.com.ec\/index.php?rest_route=%2Fwp%2Fv2%2Ftags&post=3401"}],"curies":[{"name":"wp","href":"https:\/\/api.w.org\/{rel}","templated":true}]}}