{"id":3404,"date":"2014-07-15T00:08:12","date_gmt":"2014-07-15T00:08:12","guid":{"rendered":"http:\/\/www.ecuadoraldia.com.ec\/?p=3404"},"modified":"2014-07-19T20:52:06","modified_gmt":"2014-07-19T20:52:06","slug":"ecuadorinmediato-denuncia-a-rodas-y-al-cabildo-quiteno-ante-la-supercom","status":"publish","type":"post","link":"https:\/\/www.ecuadoraldia.com.ec\/?p=3404","title":{"rendered":"Ecuadorinmediato denuncia a Rodas y al cabildo quite\u00f1o ante la Supercom"},"content":{"rendered":"<p><a href=\"http:\/\/www.ecuadoraldia.com.ec\/wp-content\/uploads\/2014\/07\/fh.jpg\"><img loading=\"lazy\" decoding=\"async\" class=\"alignleft size-medium wp-image-3405\" alt=\"fh\" src=\"http:\/\/www.ecuadoraldia.com.ec\/wp-content\/uploads\/2014\/07\/fh-300x199.jpg\" width=\"300\" height=\"199\" srcset=\"https:\/\/www.ecuadoraldia.com.ec\/wp-content\/uploads\/2014\/07\/fh-300x199.jpg 300w, https:\/\/www.ecuadoraldia.com.ec\/wp-content\/uploads\/2014\/07\/fh.jpg 450w\" sizes=\"(max-width: 300px) 100vw, 300px\" \/><\/a>El director de Ecuadorinmediato.com, Francisco Herrera, present\u00f3 esta ma\u00f1ana una denuncia en contra del alcalde de Quito, Mauricio Rodas, y el Municipio capitalino ante la Superintendencia de Comunicaci\u00f3n e Informaci\u00f3n (Supercom). Herrera acusa al burgomaestre y a su administraci\u00f3n de censura previa y ataque a la libertad de expresi\u00f3n una vez que se impidiera la retransmisi\u00f3n del programa El Poder de la Palabra en las radios del Municipio capitalino, a pesar de que exist\u00eda un convenio vigente.<\/p>\n<p>\u00abFueron 4 d\u00edas de suspensi\u00f3n de toda la programaci\u00f3n de Ecuadorinmediato en las radios municipales, que luego fueron justificadas el 20 de mayo de 2014 por el Alcalde como un &#8216;error administrativo&#8217; lo que ha amparado hasta el momento la impunidad de este acto de censura previa a las entrevistas efectuadas en el programa atacado y clausurado, adem\u00e1s de ser considerado como un hecho antetatorio a la libertad de informaci\u00f3n, a los cuales el Municipio de Quito, sus funcionarios y hasta el propio Rodas Espinel se han negado a explicar hasta el momento \u00bfEn qu\u00e9 consisti\u00f3 tal error administrativo?\u00bb, recoge el portal electr\u00f3nico en una nota en la que explica la denuncia. (El Tel\u00e8grafo)<\/p>\n","protected":false},"excerpt":{"rendered":"<p>El director de Ecuadorinmediato.com, Francisco Herrera, present\u00f3 esta ma\u00f1ana una denuncia en contra del alcalde de Quito, Mauricio Rodas, y<\/p>\n","protected":false},"author":1,"featured_media":0,"comment_status":"open","ping_status":"open","sticky":false,"template":"","format":"standard","meta":{"footnotes":""},"categories":[3],"tags":[],"_links":{"self":[{"href":"https:\/\/www.ecuadoraldia.com.ec\/index.php?rest_route=\/wp\/v2\/posts\/3404"}],"collection":[{"href":"https:\/\/www.ecuadoraldia.com.ec\/index.php?rest_route=\/wp\/v2\/posts"}],"about":[{"href":"https:\/\/www.ecuadoraldia.com.ec\/index.php?rest_route=\/wp\/v2\/types\/post"}],"author":[{"embeddable":true,"href":"https:\/\/www.ecuadoraldia.com.ec\/index.php?rest_route=\/wp\/v2\/users\/1"}],"replies":[{"embeddable":true,"href":"https:\/\/www.ecuadoraldia.com.ec\/index.php?rest_route=%2Fwp%2Fv2%2Fcomments&post=3404"}],"version-history":[{"count":1,"href":"https:\/\/www.ecuadoraldia.com.ec\/index.php?rest_route=\/wp\/v2\/posts\/3404\/revisions"}],"predecessor-version":[{"id":3406,"href":"https:\/\/www.ecuadoraldia.com.ec\/index.php?rest_route=\/wp\/v2\/posts\/3404\/revisions\/3406"}],"wp:attachment":[{"href":"https:\/\/www.ecuadoraldia.com.ec\/index.php?rest_route=%2Fwp%2Fv2%2Fmedia&parent=3404"}],"wp:term":[{"taxonomy":"category","embeddable":true,"href":"https:\/\/www.ecuadoraldia.com.ec\/index.php?rest_route=%2Fwp%2Fv2%2Fcategories&post=3404"},{"taxonomy":"post_tag","embeddable":true,"href":"https:\/\/www.ecuadoraldia.com.ec\/index.php?rest_route=%2Fwp%2Fv2%2Ftags&post=3404"}],"curies":[{"name":"wp","href":"https:\/\/api.w.org\/{rel}","templated":true}]}}