{"id":3407,"date":"2014-07-15T00:09:31","date_gmt":"2014-07-15T00:09:31","guid":{"rendered":"http:\/\/www.ecuadoraldia.com.ec\/?p=3407"},"modified":"2014-07-15T00:09:31","modified_gmt":"2014-07-15T00:09:31","slug":"cne-recibira-a-organizaciones-que-perdieron-personeria-juridica","status":"publish","type":"post","link":"https:\/\/www.ecuadoraldia.com.ec\/?p=3407","title":{"rendered":"CNE recibir\u00e1 a organizaciones que perdieron personer\u00eda jur\u00eddica"},"content":{"rendered":"<p><a href=\"http:\/\/www.ecuadoraldia.com.ec\/wp-content\/uploads\/2014\/07\/mpd.jpg\"><img loading=\"lazy\" decoding=\"async\" class=\"alignleft size-medium wp-image-3408\" alt=\"mpd\" src=\"http:\/\/www.ecuadoraldia.com.ec\/wp-content\/uploads\/2014\/07\/mpd-300x208.jpg\" width=\"300\" height=\"208\" srcset=\"https:\/\/www.ecuadoraldia.com.ec\/wp-content\/uploads\/2014\/07\/mpd-300x208.jpg 300w, https:\/\/www.ecuadoraldia.com.ec\/wp-content\/uploads\/2014\/07\/mpd.jpg 450w\" sizes=\"(max-width: 300px) 100vw, 300px\" \/><\/a>El pleno del Consejo Nacional Electoral (CNE) convocar\u00e1 para este mi\u00e9rcoles, a partir de las 10:00, a los representantes de las organizaciones pol\u00edticas que perdieron su personer\u00eda jur\u00eddica.<\/p>\n<p>En las pr\u00f3ximas horas, el CNE tiene previsto notificar a los representantes jur\u00eddicos del Movimiento Popular Democr\u00e1tico (MPD), Partido Roldosista Ecuatoriano (PRE) Partido Renovador Institucional Acci\u00f3n Nacional (Prian) y Ruptura. Esta \u00faltima, a pesar de que no ha solicitado presentar sus argumentos a los miembros del organismo electoral.<\/p>\n<p>La semana pasada, los representantes de PRE y MPD se reunieron con el presidente del CNE, Domingo Paredes, y le solicitaron ser recibidos por todos los consejeros del organismo electoral.<\/p>\n<p>Las 4 organizaciones no obtuvieron el 4% de los votos v\u00e1lidos en 2 elecciones pluripersonales consecutivas a nivel nacional; o, al menos 3 representantes a la Asamblea Nacional; o, al menos el ocho por ciento de las alcal\u00edas; o, por lo menos un concejal o concejala en cada uno de, al menos, el 10% de los cantones del pa\u00eds.<\/p>\n<p>Hasta el momento, los representantes de estas organizaciones apelaron su decisi\u00f3n ante el CNE.<\/p>\n<p>Esta ma\u00f1ana, varios integrantes del Prian llegaron al CNE, en donde tambi\u00e9n solicitaron presentar sus argumentos al pleno.<\/p>\n<p>De su lado, Luis Villac\u00eds, director del MPD, solicit\u00f3 a un juez de lo civil una confesi\u00f3n judicial para el presidente del CNE, en la que fundamente y responda respecto de la resoluci\u00f3n que pretende cancelar la inscripci\u00f3n del MPD del registro electoral.<\/p>\n<p>Seg\u00fan Villacis, el \u00f3rgano electoral adopt\u00f3 una resoluci\u00f3n sin garantizar al MPD \u00abel debido proceso, vulnerando tambi\u00e9n el principio de participaci\u00f3n democr\u00e1tica y representaci\u00f3n pol\u00edtica de los partidos o alianzas\u00bb.<\/p>\n<p>Argumentan que el 17 de septiembre de 2013, \u00abel CNE resolvi\u00f3, con el voto a favor de Paredes, reconocer 4 representantes a la Asamblea Nacional en las elecciones de febrero de 2013 y consecuentemente asign\u00f3 el fondo partidario al MPD\u00bb.<\/p>\n","protected":false},"excerpt":{"rendered":"<p>El pleno del Consejo Nacional Electoral (CNE) convocar\u00e1 para este mi\u00e9rcoles, a partir de las 10:00, a los representantes de<\/p>\n","protected":false},"author":1,"featured_media":0,"comment_status":"open","ping_status":"open","sticky":false,"template":"","format":"standard","meta":{"footnotes":""},"categories":[3],"tags":[],"_links":{"self":[{"href":"https:\/\/www.ecuadoraldia.com.ec\/index.php?rest_route=\/wp\/v2\/posts\/3407"}],"collection":[{"href":"https:\/\/www.ecuadoraldia.com.ec\/index.php?rest_route=\/wp\/v2\/posts"}],"about":[{"href":"https:\/\/www.ecuadoraldia.com.ec\/index.php?rest_route=\/wp\/v2\/types\/post"}],"author":[{"embeddable":true,"href":"https:\/\/www.ecuadoraldia.com.ec\/index.php?rest_route=\/wp\/v2\/users\/1"}],"replies":[{"embeddable":true,"href":"https:\/\/www.ecuadoraldia.com.ec\/index.php?rest_route=%2Fwp%2Fv2%2Fcomments&post=3407"}],"version-history":[{"count":1,"href":"https:\/\/www.ecuadoraldia.com.ec\/index.php?rest_route=\/wp\/v2\/posts\/3407\/revisions"}],"predecessor-version":[{"id":3409,"href":"https:\/\/www.ecuadoraldia.com.ec\/index.php?rest_route=\/wp\/v2\/posts\/3407\/revisions\/3409"}],"wp:attachment":[{"href":"https:\/\/www.ecuadoraldia.com.ec\/index.php?rest_route=%2Fwp%2Fv2%2Fmedia&parent=3407"}],"wp:term":[{"taxonomy":"category","embeddable":true,"href":"https:\/\/www.ecuadoraldia.com.ec\/index.php?rest_route=%2Fwp%2Fv2%2Fcategories&post=3407"},{"taxonomy":"post_tag","embeddable":true,"href":"https:\/\/www.ecuadoraldia.com.ec\/index.php?rest_route=%2Fwp%2Fv2%2Ftags&post=3407"}],"curies":[{"name":"wp","href":"https:\/\/api.w.org\/{rel}","templated":true}]}}