{"id":3416,"date":"2014-07-15T00:12:47","date_gmt":"2014-07-15T00:12:47","guid":{"rendered":"http:\/\/www.ecuadoraldia.com.ec\/?p=3416"},"modified":"2014-07-15T00:12:47","modified_gmt":"2014-07-15T00:12:47","slug":"correa-y-rodas-analizan-cooperacion-para-proyectos-y-obras-en-la-ciudad","status":"publish","type":"post","link":"https:\/\/www.ecuadoraldia.com.ec\/?p=3416","title":{"rendered":"Correa y Rodas  analizan cooperaci\u00f3n para proyectos y  obras en la ciudad"},"content":{"rendered":"<p><a href=\"http:\/\/www.ecuadoraldia.com.ec\/wp-content\/uploads\/2014\/07\/rdas-crr.jpg\"><img loading=\"lazy\" decoding=\"async\" class=\"alignleft size-medium wp-image-3417\" alt=\"rdas crr\" src=\"http:\/\/www.ecuadoraldia.com.ec\/wp-content\/uploads\/2014\/07\/rdas-crr-300x174.jpg\" width=\"300\" height=\"174\" srcset=\"https:\/\/www.ecuadoraldia.com.ec\/wp-content\/uploads\/2014\/07\/rdas-crr-300x174.jpg 300w, https:\/\/www.ecuadoraldia.com.ec\/wp-content\/uploads\/2014\/07\/rdas-crr.jpg 554w\" sizes=\"(max-width: 300px) 100vw, 300px\" \/><\/a>Andes. El apoyo que el Gobierno ecuatoriana ofrecer\u00e1 a la municipalidad quite\u00f1a, espec\u00edficamente al proyecto Metro de Quito se analizar\u00e1 en el transcurso de dos meses, indic\u00f3 el concejal Jorge Alb\u00e1n, luego de un encuentro entre el alcalde de Quito Mauricio Rodas y el presidente ecuatoriano, Rafael Correa.<\/p>\n<p>Asimismo, el burgomaestre de la capital indic\u00f3 que fruto de la reuni\u00f3n que se desarroll\u00f3 este lunes en el Palacio de Carondelet, el presidente Correa dispuso entregar 15 millones de d\u00f3lares no reembolsables para la adquisici\u00f3n de transporte metropolitano para Quito.<\/p>\n<p>Seg\u00fan Rodas esta fue una primera reuni\u00f3n positiva e indic\u00f3 que los equipos del gobierno y de la Municipalidad se mantendr\u00e1n en continuo contacto para ejecutar las evaluaciones t\u00e9cnicas de los proyectos que se desarrollen en beneficio de la ciudad.<\/p>\n<p>El alcalde recalc\u00f3 su compromiso de realizar un trabajo coordinado con el gobierno para concretar proyectos que mejoren la calidad de vida de los quite\u00f1os. \u00abEstamos convencidos de la necesidad de impulsar el di\u00e1logo respetuoso en todas las actividades nacionales y locales\u00bb, dijo Rodas.<\/p>\n<p>El pasado martes en el marco de la visita del primer ministro de San Vicente y Granadinas, el alcalde sostuvo que el presidente Correa comparte con \u00e9l la preocupaci\u00f3n de que el costo para la construcci\u00f3n del metro supera los 1.500 millones de d\u00f3lares. El gobierno ofreci\u00f3 un financiamiento de 750 millones de d\u00f3lares para este proyecto.<\/p>\n<p>&nbsp;<\/p>\n","protected":false},"excerpt":{"rendered":"<p>Andes. El apoyo que el Gobierno ecuatoriana ofrecer\u00e1 a la municipalidad quite\u00f1a, espec\u00edficamente al proyecto Metro de Quito se analizar\u00e1<\/p>\n","protected":false},"author":1,"featured_media":0,"comment_status":"open","ping_status":"open","sticky":false,"template":"","format":"standard","meta":{"footnotes":""},"categories":[14],"tags":[],"_links":{"self":[{"href":"https:\/\/www.ecuadoraldia.com.ec\/index.php?rest_route=\/wp\/v2\/posts\/3416"}],"collection":[{"href":"https:\/\/www.ecuadoraldia.com.ec\/index.php?rest_route=\/wp\/v2\/posts"}],"about":[{"href":"https:\/\/www.ecuadoraldia.com.ec\/index.php?rest_route=\/wp\/v2\/types\/post"}],"author":[{"embeddable":true,"href":"https:\/\/www.ecuadoraldia.com.ec\/index.php?rest_route=\/wp\/v2\/users\/1"}],"replies":[{"embeddable":true,"href":"https:\/\/www.ecuadoraldia.com.ec\/index.php?rest_route=%2Fwp%2Fv2%2Fcomments&post=3416"}],"version-history":[{"count":1,"href":"https:\/\/www.ecuadoraldia.com.ec\/index.php?rest_route=\/wp\/v2\/posts\/3416\/revisions"}],"predecessor-version":[{"id":3418,"href":"https:\/\/www.ecuadoraldia.com.ec\/index.php?rest_route=\/wp\/v2\/posts\/3416\/revisions\/3418"}],"wp:attachment":[{"href":"https:\/\/www.ecuadoraldia.com.ec\/index.php?rest_route=%2Fwp%2Fv2%2Fmedia&parent=3416"}],"wp:term":[{"taxonomy":"category","embeddable":true,"href":"https:\/\/www.ecuadoraldia.com.ec\/index.php?rest_route=%2Fwp%2Fv2%2Fcategories&post=3416"},{"taxonomy":"post_tag","embeddable":true,"href":"https:\/\/www.ecuadoraldia.com.ec\/index.php?rest_route=%2Fwp%2Fv2%2Ftags&post=3416"}],"curies":[{"name":"wp","href":"https:\/\/api.w.org\/{rel}","templated":true}]}}