{"id":3419,"date":"2014-07-15T19:41:44","date_gmt":"2014-07-15T19:41:44","guid":{"rendered":"http:\/\/www.ecuadoraldia.com.ec\/?p=3419"},"modified":"2014-07-15T19:41:44","modified_gmt":"2014-07-15T19:41:44","slug":"muere-primer-civil-israeli-netanyahu-promete-intensificar-ataque-en-gaza","status":"publish","type":"post","link":"https:\/\/www.ecuadoraldia.com.ec\/?p=3419","title":{"rendered":"Muere primer civil israel\u00ed; Netanyahu promete intensificar ataque en Gaza"},"content":{"rendered":"<p><a href=\"http:\/\/www.ecuadoraldia.com.ec\/wp-content\/uploads\/2014\/07\/Gaza1.jpg\"><img loading=\"lazy\" decoding=\"async\" class=\"alignleft size-medium wp-image-3420\" alt=\"Gaza1\" src=\"http:\/\/www.ecuadoraldia.com.ec\/wp-content\/uploads\/2014\/07\/Gaza1-300x166.jpg\" width=\"300\" height=\"166\" srcset=\"https:\/\/www.ecuadoraldia.com.ec\/wp-content\/uploads\/2014\/07\/Gaza1-300x166.jpg 300w, https:\/\/www.ecuadoraldia.com.ec\/wp-content\/uploads\/2014\/07\/Gaza1.jpg 450w\" sizes=\"(max-width: 300px) 100vw, 300px\" \/><\/a>Redacci\u00f3n agencias EFE \/ AFP. Un ciudadano israel\u00ed muri\u00f3 este martes debido a las heridas que le produjo un cohete lanzado por milicias de Hamas, convirti\u00e9ndose en la primera v\u00edctima mortal de esta nacionalidad desde que Israel inici\u00f3 la ofensiva contra la Franja de Gaza, que ha dejado casi 200 muertos palestinos y 1.400 heridos.<\/p>\n<p>El civil result\u00f3 mortalmente herido en el paso fronterizo de Erez, entre Israel y Gaza, inform\u00f3 el Ej\u00e9rcito. Seg\u00fan fuentes de los servicios de emergencia, el hombre llevaba alimentos a soldados desplegados en la zona.<\/p>\n<p>Tras conocer la noticia de la primera v\u00edctima de su pa\u00eds, el primer ministro Benjamin Netanyahu asegur\u00f3 que el movimiento islamista Hamas no ha dejado a Israel otra opci\u00f3n que \u00abampliar e intensificar\u00bb su ofensiva sobre la Franja.<\/p>\n<p>\u00abEst\u00e1bamos preparados para solventar esto por la v\u00eda diplom\u00e1tica, pero Hamas no nos ha dejado opci\u00f3n. Quien trata de hacer da\u00f1o a Israel resulta da\u00f1ado\u00bb, dijo Netanyahu.<\/p>\n<p>A primera hora de esta ma\u00f1ana, el gabinete pol\u00edtico y de seguridad de Israel hab\u00eda aprobado aceptar el alto el fuego propuesto por Egipto y la actividad b\u00e9lica sobre la Franja ces\u00f3 a las 09:00 locales (06:00 GMT). Sin embargo, seis horas despu\u00e9s reanud\u00f3 los ataques, en respuesta, seg\u00fan afirm\u00f3, al disparo de decenas de cohetes por parte de Hamas a su territorio.<\/p>\n<p>Las Fuerzas de Defensa israel\u00edes aseguraban que el movimiento islamista dispar\u00f3 47 cohetes desde que suspendieron los ataques.<\/p>\n<p>La propuesta egipcia inclu\u00eda cinco puntos y estipulaba que en el plazo de dos d\u00edas representantes de Israel y de las facciones armadas en la Franja acudan a El Cairo para negociar los t\u00e9rminos de una tregua.<\/p>\n<p>Sin embargo, uno de los principales l\u00edderes del movimiento Hamas, Musa Abu Marzuq, asegur\u00f3 que la oficina pol\u00edtica del grupo estudiaba la propuesta de tregua y que todav\u00eda no hab\u00eda adoptado ninguna decisi\u00f3n al respecto.<\/p>\n<p>\u00abEstamos a\u00fan valorando y debatiendo la iniciativa. Hamas no ha adoptado a\u00fan ninguna posici\u00f3n oficial\u00bb, afirm\u00f3 el dirigente, citado por la agencia de noticias local Al Ray, controlada por el grupo islamista.<\/p>\n<p>Horas antes, el portavoz de Hamas en Gaza, Sami Abu Zuhri, afirm\u00f3 que el movimiento no hab\u00eda recibido todav\u00eda un propuesta y que consideraba inaceptable que \u00abIsrael, el agresor, tome una decisi\u00f3n unilateral despu\u00e9s de atacar Gaza y causar m\u00e1s de 190 muertos\u00bb.<\/p>\n<p>De su lado, el secretario general de la ONU, Ban Ki-moon, llam\u00f3 hoy a la milicia a cooperar con la iniciativa de un cese a las hostilidades y urgi\u00f3 \u00aba todas las partes a avanzar sobre la apertura de un canal diplom\u00e1tico\u00bb.<\/p>\n<p>Tambi\u00e9n record\u00f3 a todos los bandos que \u00abdeben respetar la ley humanitaria internacional\u00bb y asegur\u00f3 que el organismo internacional seguir\u00e1 trabajando para llevar ayuda a la poblaci\u00f3n de Gaza.<\/p>\n<p>Israel a\u00fan tiene acantonados alrededor de la Franja a decenas de miles de soldados y cientos de tanques y blindados en previsi\u00f3n de una operaci\u00f3n terrestre.<\/p>\n","protected":false},"excerpt":{"rendered":"<p>Redacci\u00f3n agencias EFE \/ AFP. Un ciudadano israel\u00ed muri\u00f3 este martes debido a las heridas que le produjo un cohete<\/p>\n","protected":false},"author":1,"featured_media":0,"comment_status":"open","ping_status":"open","sticky":false,"template":"","format":"standard","meta":{"footnotes":""},"categories":[7],"tags":[],"_links":{"self":[{"href":"https:\/\/www.ecuadoraldia.com.ec\/index.php?rest_route=\/wp\/v2\/posts\/3419"}],"collection":[{"href":"https:\/\/www.ecuadoraldia.com.ec\/index.php?rest_route=\/wp\/v2\/posts"}],"about":[{"href":"https:\/\/www.ecuadoraldia.com.ec\/index.php?rest_route=\/wp\/v2\/types\/post"}],"author":[{"embeddable":true,"href":"https:\/\/www.ecuadoraldia.com.ec\/index.php?rest_route=\/wp\/v2\/users\/1"}],"replies":[{"embeddable":true,"href":"https:\/\/www.ecuadoraldia.com.ec\/index.php?rest_route=%2Fwp%2Fv2%2Fcomments&post=3419"}],"version-history":[{"count":1,"href":"https:\/\/www.ecuadoraldia.com.ec\/index.php?rest_route=\/wp\/v2\/posts\/3419\/revisions"}],"predecessor-version":[{"id":3421,"href":"https:\/\/www.ecuadoraldia.com.ec\/index.php?rest_route=\/wp\/v2\/posts\/3419\/revisions\/3421"}],"wp:attachment":[{"href":"https:\/\/www.ecuadoraldia.com.ec\/index.php?rest_route=%2Fwp%2Fv2%2Fmedia&parent=3419"}],"wp:term":[{"taxonomy":"category","embeddable":true,"href":"https:\/\/www.ecuadoraldia.com.ec\/index.php?rest_route=%2Fwp%2Fv2%2Fcategories&post=3419"},{"taxonomy":"post_tag","embeddable":true,"href":"https:\/\/www.ecuadoraldia.com.ec\/index.php?rest_route=%2Fwp%2Fv2%2Ftags&post=3419"}],"curies":[{"name":"wp","href":"https:\/\/api.w.org\/{rel}","templated":true}]}}