{"id":3422,"date":"2014-07-15T19:43:43","date_gmt":"2014-07-15T19:43:43","guid":{"rendered":"http:\/\/www.ecuadoraldia.com.ec\/?p=3422"},"modified":"2014-07-15T19:43:43","modified_gmt":"2014-07-15T19:43:43","slug":"yachay-contara-con-apoyo-brasileno","status":"publish","type":"post","link":"https:\/\/www.ecuadoraldia.com.ec\/?p=3422","title":{"rendered":"Yachay contar\u00e1 con apoyo brasile\u00f1o"},"content":{"rendered":"<p><a href=\"http:\/\/www.ecuadoraldia.com.ec\/wp-content\/uploads\/2014\/07\/ya.jpg\"><img loading=\"lazy\" decoding=\"async\" class=\"alignleft size-medium wp-image-3423\" alt=\"ya\" src=\"http:\/\/www.ecuadoraldia.com.ec\/wp-content\/uploads\/2014\/07\/ya-300x186.jpg\" width=\"300\" height=\"186\" srcset=\"https:\/\/www.ecuadoraldia.com.ec\/wp-content\/uploads\/2014\/07\/ya-300x186.jpg 300w, https:\/\/www.ecuadoraldia.com.ec\/wp-content\/uploads\/2014\/07\/ya.jpg 450w\" sizes=\"(max-width: 300px) 100vw, 300px\" \/><\/a>La empresa p\u00fablica Yachay y el parque tecnol\u00f3gico San Jos\u00e9 dos Santos ubicado en Sao Paulo formalizaron este martes un acuerdo de cooperaci\u00f3n acad\u00e9mica y cient\u00edfica.<\/p>\n<p>El gerente de Yachay, H\u00e9ctor Rodr\u00edguez, manifest\u00f3 en rueda de prensa con medios locales y brasile\u00f1os que la intenci\u00f3n del acuerdo es mejorar el modelo de negocio de Yachay en el campo tecnol\u00f3gico.<\/p>\n<p>\u00abEste parque tiene un modelo de negocios que combina a las universidades con las industrias en un emprendimiento de Estado\u00bb, expres\u00f3 Rodr\u00edguez previo a felicitar a las autoridades por la innovaci\u00f3n y aporte del conocimiento a la sociedad.<\/p>\n<p>Dentro de los alcances del acuerdo, est\u00e1 contemplado un periodo de pasant\u00edas para los estudiantes de Yachay en Brasil y el desarrollo de proyectos universitarios en el campo de innovaci\u00f3n. Tambi\u00e9n se realizar\u00e1 el intercambio de prometeos (investigadores) para enriquecer la planta docente de Yachay. Seg\u00fan Rodr\u00edguez el \u00e1rea aeron\u00e1utica es una de las mayores prioridades.<\/p>\n<p>El director del parque San Jos\u00e9 Dos Santos, Horacio Forjaz, destac\u00f3 que es la primera ocasi\u00f3n en que se concreta un convenio extranjero, aunque anteriormente han tenido acercamientos con pa\u00edses como M\u00e9xico y Venezuela.<\/p>\n<p>El campus tecnol\u00f3gico cuenta con un \u00e1rea de 188 km2, de los cuales 36 km2 son de construcci\u00f3n y varias multinacionales realizan investigaci\u00f3n cient\u00edfica y aplicaci\u00f3n de proyectos en el interior del parque.<\/p>\n<p>El presidente de la Rep\u00fablica, Rafael Correa, fue testigo de honor de la firma del acuerdo y realiz\u00f3 un recorrido por el parque tecnol\u00f3gico. \u00abGran parte del futuro es la educaci\u00f3n en ciencia, tecnolog\u00eda e innovaci\u00f3n, por eso hemos invertido en la Reforma Educativa, que abarca desde la infancia hasta la educaci\u00f3n superior, es un cambio integral\u00bb, sostuvo el mandatario.<\/p>\n","protected":false},"excerpt":{"rendered":"<p>La empresa p\u00fablica Yachay y el parque tecnol\u00f3gico San Jos\u00e9 dos Santos ubicado en Sao Paulo formalizaron este martes un<\/p>\n","protected":false},"author":1,"featured_media":0,"comment_status":"open","ping_status":"open","sticky":false,"template":"","format":"standard","meta":{"footnotes":""},"categories":[1],"tags":[],"_links":{"self":[{"href":"https:\/\/www.ecuadoraldia.com.ec\/index.php?rest_route=\/wp\/v2\/posts\/3422"}],"collection":[{"href":"https:\/\/www.ecuadoraldia.com.ec\/index.php?rest_route=\/wp\/v2\/posts"}],"about":[{"href":"https:\/\/www.ecuadoraldia.com.ec\/index.php?rest_route=\/wp\/v2\/types\/post"}],"author":[{"embeddable":true,"href":"https:\/\/www.ecuadoraldia.com.ec\/index.php?rest_route=\/wp\/v2\/users\/1"}],"replies":[{"embeddable":true,"href":"https:\/\/www.ecuadoraldia.com.ec\/index.php?rest_route=%2Fwp%2Fv2%2Fcomments&post=3422"}],"version-history":[{"count":1,"href":"https:\/\/www.ecuadoraldia.com.ec\/index.php?rest_route=\/wp\/v2\/posts\/3422\/revisions"}],"predecessor-version":[{"id":3424,"href":"https:\/\/www.ecuadoraldia.com.ec\/index.php?rest_route=\/wp\/v2\/posts\/3422\/revisions\/3424"}],"wp:attachment":[{"href":"https:\/\/www.ecuadoraldia.com.ec\/index.php?rest_route=%2Fwp%2Fv2%2Fmedia&parent=3422"}],"wp:term":[{"taxonomy":"category","embeddable":true,"href":"https:\/\/www.ecuadoraldia.com.ec\/index.php?rest_route=%2Fwp%2Fv2%2Fcategories&post=3422"},{"taxonomy":"post_tag","embeddable":true,"href":"https:\/\/www.ecuadoraldia.com.ec\/index.php?rest_route=%2Fwp%2Fv2%2Ftags&post=3422"}],"curies":[{"name":"wp","href":"https:\/\/api.w.org\/{rel}","templated":true}]}}