{"id":3425,"date":"2014-07-15T19:46:43","date_gmt":"2014-07-15T19:46:43","guid":{"rendered":"http:\/\/www.ecuadoraldia.com.ec\/?p=3425"},"modified":"2014-07-15T19:46:43","modified_gmt":"2014-07-15T19:46:43","slug":"cotopaxi-primero-en-pruebas-ser-bachiller","status":"publish","type":"post","link":"https:\/\/www.ecuadoraldia.com.ec\/?p=3425","title":{"rendered":"Cotopaxi: primero en  pruebas \u00abSer bachiller\u00bb"},"content":{"rendered":"<p><a href=\"http:\/\/www.ecuadoraldia.com.ec\/wp-content\/uploads\/2014\/07\/ser.jpg\"><img loading=\"lazy\" decoding=\"async\" class=\"alignleft size-medium wp-image-3426\" alt=\"ser\" src=\"http:\/\/www.ecuadoraldia.com.ec\/wp-content\/uploads\/2014\/07\/ser-300x199.jpg\" width=\"300\" height=\"199\" srcset=\"https:\/\/www.ecuadoraldia.com.ec\/wp-content\/uploads\/2014\/07\/ser-300x199.jpg 300w, https:\/\/www.ecuadoraldia.com.ec\/wp-content\/uploads\/2014\/07\/ser.jpg 450w\" sizes=\"(max-width: 300px) 100vw, 300px\" \/><\/a>El Ministerio de Educaci\u00f3n present\u00f3 hoy los resultados de las pruebas \u00abSer bachiller\u00bb. La provincia de Cotopaxi se ubica en primer lugar sobre la media exigida por la Cartera de Estado. Est\u00e1 seguida por las provincias de la Sierra Centro y Norte.<\/p>\n<p>Harvey S\u00e1nchez, director ejecutivo del Instituto Nacional de Evaluaci\u00f3n Educativa (Ineval), record\u00f3 que las pruebas \u00abSer bachiller\u00bb se tomaron con aplicaci\u00f3n obligatoria a todos los estudiantes de tercero de bachillerato.<\/p>\n<p>Las pruebas equivalieron al 10% de la nota final para obtener el t\u00edtulo de bachiller.<\/p>\n<p>En total se evaluaron a 106.246 estudiantes. Se investig\u00f3 a 1.676 colegios. Participaron 3.424 docentes y 6.500 veedores. El 98,1% de las evaluaciones se realizaron en formato digital. Se evalu\u00f3 a estudiantes de establecimientos privados, fiscales y municipales.<\/p>\n<p>Seg\u00fan S\u00e1nchez, hasta 800 puntos se consider\u00f3 satisfactorio y sobre los 950 excelente. Por ello, las provincias de la Sierra estuvieron sobre la media.<\/p>\n<p>Foto: Twitter Ministerio de Educaci\u00f3nFoto: Twitter Ministerio de Educaci\u00f3n<\/p>\n<p>El funcionario del Ineval explic\u00f3 que se analiz\u00f3 el porcentaje de aprobaci\u00f3n curricular al Bachillerato General Unificado y se evidenci\u00f3 que \u00abaquellos que siguen en el \u00e1mbito t\u00e9cnico y no han evidenciado esfuerzos para incorporar ciencias son los que presentan m\u00e1s retrasos en el bachillerato\u00bb.<\/p>\n<p>Indic\u00f3 que los establecimientos educativos urbanos superan la media de 800 puntos, mientras que los rurales a\u00fan se mantienen entre la media. \u00abLos estudiantes fueron evaluados con los mismos est\u00e1ndares. Han mejorado respecto a la misma medici\u00f3n en 2013\u00bb, dijo.<\/p>\n<p>S\u00e1nchez explic\u00f3 que ahora el promedio general es de 822 puntos. El a\u00f1o pasado fue de 674 puntos en las pruebas \u00abSer estudiante\u00bb (tercero de bachillerato).<\/p>\n<p>Estos resultados de 822 se toman por primera vez a los estudiantes que se sometieron al bachillerato general unificado. (El telegrafo ECu)<\/p>\n","protected":false},"excerpt":{"rendered":"<p>El Ministerio de Educaci\u00f3n present\u00f3 hoy los resultados de las pruebas \u00abSer bachiller\u00bb. La provincia de Cotopaxi se ubica en<\/p>\n","protected":false},"author":1,"featured_media":0,"comment_status":"open","ping_status":"open","sticky":false,"template":"","format":"standard","meta":{"footnotes":""},"categories":[4],"tags":[],"_links":{"self":[{"href":"https:\/\/www.ecuadoraldia.com.ec\/index.php?rest_route=\/wp\/v2\/posts\/3425"}],"collection":[{"href":"https:\/\/www.ecuadoraldia.com.ec\/index.php?rest_route=\/wp\/v2\/posts"}],"about":[{"href":"https:\/\/www.ecuadoraldia.com.ec\/index.php?rest_route=\/wp\/v2\/types\/post"}],"author":[{"embeddable":true,"href":"https:\/\/www.ecuadoraldia.com.ec\/index.php?rest_route=\/wp\/v2\/users\/1"}],"replies":[{"embeddable":true,"href":"https:\/\/www.ecuadoraldia.com.ec\/index.php?rest_route=%2Fwp%2Fv2%2Fcomments&post=3425"}],"version-history":[{"count":1,"href":"https:\/\/www.ecuadoraldia.com.ec\/index.php?rest_route=\/wp\/v2\/posts\/3425\/revisions"}],"predecessor-version":[{"id":3427,"href":"https:\/\/www.ecuadoraldia.com.ec\/index.php?rest_route=\/wp\/v2\/posts\/3425\/revisions\/3427"}],"wp:attachment":[{"href":"https:\/\/www.ecuadoraldia.com.ec\/index.php?rest_route=%2Fwp%2Fv2%2Fmedia&parent=3425"}],"wp:term":[{"taxonomy":"category","embeddable":true,"href":"https:\/\/www.ecuadoraldia.com.ec\/index.php?rest_route=%2Fwp%2Fv2%2Fcategories&post=3425"},{"taxonomy":"post_tag","embeddable":true,"href":"https:\/\/www.ecuadoraldia.com.ec\/index.php?rest_route=%2Fwp%2Fv2%2Ftags&post=3425"}],"curies":[{"name":"wp","href":"https:\/\/api.w.org\/{rel}","templated":true}]}}