{"id":3629,"date":"2014-07-22T12:04:36","date_gmt":"2014-07-22T12:04:36","guid":{"rendered":"http:\/\/www.ecuadoraldia.com.ec\/?p=3629"},"modified":"2014-07-22T12:04:36","modified_gmt":"2014-07-22T12:04:36","slug":"libros-y-medicamentos-no-pagaran-la-tasa-de-42","status":"publish","type":"post","link":"https:\/\/www.ecuadoraldia.com.ec\/?p=3629","title":{"rendered":"Libros y medicamentos no pagar\u00e1n la tasa de $ 42"},"content":{"rendered":"<p><a href=\"http:\/\/www.ecuadoraldia.com.ec\/wp-content\/uploads\/2014\/07\/libros.jpg\"><img loading=\"lazy\" decoding=\"async\" class=\"alignleft size-medium wp-image-3630\" alt=\"http:\/\/www.dreamstime.com\/stock-images-stack-books-set-separated-image22751424\" src=\"http:\/\/www.ecuadoraldia.com.ec\/wp-content\/uploads\/2014\/07\/libros-300x229.jpg\" width=\"300\" height=\"229\" srcset=\"https:\/\/www.ecuadoraldia.com.ec\/wp-content\/uploads\/2014\/07\/libros-300x229.jpg 300w, https:\/\/www.ecuadoraldia.com.ec\/wp-content\/uploads\/2014\/07\/libros-1024x783.jpg 1024w, https:\/\/www.ecuadoraldia.com.ec\/wp-content\/uploads\/2014\/07\/libros.jpg 1300w\" sizes=\"(max-width: 300px) 100vw, 300px\" \/><\/a>Ayer se confirm\u00f3 la decisi\u00f3n del Comit\u00e9 de Comercio Exterior (Comex) sobre el pago de una tasa de $ 42 a las compras en el exterior por el sistema 4&#215;4 (4 kg por $ 400).<\/p>\n<p>Este sistema se\u00f1ala que cada usuario podr\u00eda hacer compras en el exterior v\u00eda internet por un m\u00e1ximo de 5 paquetes o $ 1.200 anuales.<\/p>\n<p>Ramiro Gonz\u00e1lez, ministro de Industrias y Productividad, explic\u00f3 en Radio Cadena Democracia que \u201cel mecanismo (4&#215;4) que se cre\u00f3 con el fin de ayudar se convirti\u00f3 en un proceso que destru\u00eda empleos\u201d.<\/p>\n<p>Dijo que por esa v\u00eda se importan $ 190 millones y que los sectores m\u00e1s afectados son ropa y calzado.<\/p>\n<p>\u201cLos sectores de la confecci\u00f3n y del calzado han sufrido un deterioro por el contrabando y por algunas tiendas de confecci\u00f3n masiva\u201d, agreg\u00f3. El Ministro tambi\u00e9n aclar\u00f3 que la resoluci\u00f3n consta de algunas excepciones para las familias de migrantes y que ser\u00e1n emitidas cuando se publique oficialmente la medida.<\/p>\n<p>El funcionario detall\u00f3 que hay ciudadanos que no compran para uso personal sino para negocio.<\/p>\n<p>Incluso dijo que hubo quienes se pusieron boutiques y \u201cno pagan impuestos, eso es competencia desleal\u201d.<\/p>\n<p>\u201cSi se importara pagando impuestos, por los $ 400 tendr\u00edan que pagar m\u00e1s o menos $ 120, porque el arancel para zapatos y ropa legal es de 30%. Ahora pagar\u00e1 $ 42 d\u00f3lares. Sigue siendo conveniente, sigue el beneficio en pie\u201d, se\u00f1al\u00f3 Gonz\u00e1lez en la entrevista.<\/p>\n<p>Precis\u00f3 que no se podr\u00e1 traer tel\u00e9fonos celulares y que productos como libros y medicamentos no ser\u00e1n gravados con la tasa de $ 42.<\/p>\n<p>Gabriela Uquillas, asesora aduanera de la C\u00e1mara de la Producci\u00f3n de Guayaquil, explic\u00f3 que el control deber\u00eda ir por otro lado.<\/p>\n<p>\u201cSi est\u00e1 pasando contrabando tienen que mejorarse los controles. El universo de usuarios del sistema 4&#215;4 es de clase media y alta y, en promedio, paga entre $ 70 y $ 80\u201d, dijo la abogada. Pero si la compra es con fines comerciales, est\u00e1 de acuerdo con que se fortalezcan los controles.<br \/>\nEtiquetas: Ecuador, medic<\/p>\n","protected":false},"excerpt":{"rendered":"<p>Ayer se confirm\u00f3 la decisi\u00f3n del Comit\u00e9 de Comercio Exterior (Comex) sobre el pago de una tasa de $ 42<\/p>\n","protected":false},"author":1,"featured_media":0,"comment_status":"open","ping_status":"open","sticky":false,"template":"","format":"standard","meta":{"footnotes":""},"categories":[9],"tags":[],"_links":{"self":[{"href":"https:\/\/www.ecuadoraldia.com.ec\/index.php?rest_route=\/wp\/v2\/posts\/3629"}],"collection":[{"href":"https:\/\/www.ecuadoraldia.com.ec\/index.php?rest_route=\/wp\/v2\/posts"}],"about":[{"href":"https:\/\/www.ecuadoraldia.com.ec\/index.php?rest_route=\/wp\/v2\/types\/post"}],"author":[{"embeddable":true,"href":"https:\/\/www.ecuadoraldia.com.ec\/index.php?rest_route=\/wp\/v2\/users\/1"}],"replies":[{"embeddable":true,"href":"https:\/\/www.ecuadoraldia.com.ec\/index.php?rest_route=%2Fwp%2Fv2%2Fcomments&post=3629"}],"version-history":[{"count":1,"href":"https:\/\/www.ecuadoraldia.com.ec\/index.php?rest_route=\/wp\/v2\/posts\/3629\/revisions"}],"predecessor-version":[{"id":3631,"href":"https:\/\/www.ecuadoraldia.com.ec\/index.php?rest_route=\/wp\/v2\/posts\/3629\/revisions\/3631"}],"wp:attachment":[{"href":"https:\/\/www.ecuadoraldia.com.ec\/index.php?rest_route=%2Fwp%2Fv2%2Fmedia&parent=3629"}],"wp:term":[{"taxonomy":"category","embeddable":true,"href":"https:\/\/www.ecuadoraldia.com.ec\/index.php?rest_route=%2Fwp%2Fv2%2Fcategories&post=3629"},{"taxonomy":"post_tag","embeddable":true,"href":"https:\/\/www.ecuadoraldia.com.ec\/index.php?rest_route=%2Fwp%2Fv2%2Ftags&post=3629"}],"curies":[{"name":"wp","href":"https:\/\/api.w.org\/{rel}","templated":true}]}}