{"id":3635,"date":"2014-07-22T12:13:54","date_gmt":"2014-07-22T12:13:54","guid":{"rendered":"http:\/\/www.ecuadoraldia.com.ec\/?p=3635"},"modified":"2014-07-22T12:13:54","modified_gmt":"2014-07-22T12:13:54","slug":"codigo-monetario-va-al-pleno-con-al-menos-60-cambios","status":"publish","type":"post","link":"https:\/\/www.ecuadoraldia.com.ec\/?p=3635","title":{"rendered":"C\u00f3digo Monetario va al pleno con al menos 60 cambios"},"content":{"rendered":"<p><a href=\"http:\/\/www.ecuadoraldia.com.ec\/wp-content\/uploads\/2014\/07\/codigom.jpg\"><img loading=\"lazy\" decoding=\"async\" class=\"alignleft size-medium wp-image-3636\" alt=\"codigom\" src=\"http:\/\/www.ecuadoraldia.com.ec\/wp-content\/uploads\/2014\/07\/codigom-300x166.jpg\" width=\"300\" height=\"166\" srcset=\"https:\/\/www.ecuadoraldia.com.ec\/wp-content\/uploads\/2014\/07\/codigom-300x166.jpg 300w, https:\/\/www.ecuadoraldia.com.ec\/wp-content\/uploads\/2014\/07\/codigom.jpg 612w\" sizes=\"(max-width: 300px) 100vw, 300px\" \/><\/a>El segundo debate del proyecto de C\u00f3digo Monetario y Financiero se convoc\u00f3 para hoy a las 09:30 en la Asamblea Nacional. La Comisi\u00f3n de R\u00e9gimen Econ\u00f3mico termin\u00f3 el segundo informe la noche del pasado s\u00e1bado generando al menos 60 cambios al texto enviado por el Ejecutivo, con car\u00e1cter de urgente.<\/p>\n<p>Las principales modificaciones se centraron en los art\u00edculos que de alg\u00fan modo se contrapon\u00edan con la Constituci\u00f3n.<\/p>\n<p>Uno de los temas cuestionados es la inmunidad de la que gozaban en el proyecto original los miembros de la Junta de Pol\u00edtica y Regulaci\u00f3n Monetaria, que chocaba con el art\u00edculo 233 de la Carta Magna, que se\u00f1ala que los servidores p\u00fablicos no est\u00e1n exentos de responsabilidades por sus actos en el ejercicio de funciones.<\/p>\n<p>Sin embargo, se mantiene que no se incorporar\u00e1n actores del sector privado, ya que esto, a su vez, ir\u00eda contra el art\u00edculo 232 del mismo texto que no autoriza esta participaci\u00f3n por los intereses que pueden existir de por medio.<\/p>\n<p>La Junta tendr\u00e1 personer\u00eda jur\u00eddica de derecho p\u00fablico, adem\u00e1s de ser aut\u00f3noma. Se le incrementan varios literales y numerales al art\u00edculo 14 del proyecto de ley, con lo que las funciones del organismo suben de 48 a 55, con atribuciones como la regulaci\u00f3n del l\u00edmite m\u00e1ximo de costos y comisiones por el uso de tarjetas de cr\u00e9dito, d\u00e9bito y otras de similar naturaleza.<br \/>\nOtros detalles<\/p>\n<p>Con la creaci\u00f3n del Fondo de Seguros Privados, la Junta tambi\u00e9n podr\u00e1 regular el pago de coberturas y contribuci\u00f3n sobre primas netas sobre seguros directos. La Comisi\u00f3n establece que no habr\u00e1 cobertura del Seguro para personas sentenciadas por narcotr\u00e1fico y lavado de activos, y que los fondos del Seguro son inembargables.<\/p>\n<p>Sobre las p\u00f3lizas de seguros privados, se deber\u00e1 expedir las normas de car\u00e1cter general para el pago de los fondos de seguros privados, as\u00ed como determinar el porcentaje y destino para la divisi\u00f3n de la contribuci\u00f3n sobre las primas netas de seguros.<\/p>\n<p>Una insistencia de diversos actores, desde que el Banco Central empez\u00f3 a hablar de la circulaci\u00f3n de la moneda electr\u00f3nica, fue que dicha moneda tenga respaldo con activos l\u00edquidos del Central. Dentro del segundo informe del texto del C\u00f3digo esto se acept\u00f3.<\/p>\n<p>El nuevo informe dispone la creaci\u00f3n de un sistema de garant\u00eda crediticia (art\u00edculo 149) para afianzar los cr\u00e9ditos de primeros emprendedores, madres solteras, personas en movilidad humana, con discapacidad, j\u00f3venes y otros grupos de atenci\u00f3n prioritaria. Esto, considerando que no est\u00e9n en capacidad de concretar proyectos con el sistema financiero por falta de garant\u00edas. (ABT)<\/p>\n<p>Sin cambios<\/p>\n<p>\u00b0 En cuanto a la responsabilidad del Estado en relaci\u00f3n a la solvencia de las entidades del sistema financiero privado, as\u00ed como del popular y solidario, y de los reg\u00edmenes de valores y seguros, se ratific\u00f3 que las deudas no podr\u00e1n trasladarse al Estado.<\/p>\n<p>Por el lado del direccionamiento de la inversi\u00f3n de los recursos del Fondo de Liquidez, la Comisi\u00f3n determin\u00f3 que los miembros del Directorio de la Corporaci\u00f3n del Seguro de Dep\u00f3sitos ser\u00e1n responsables de observar los par\u00e1metros de liquidez, seguridad, diversificaci\u00f3n y rentabilidad.<\/p>\n<p>CAMBIOS AL C\u00d3DIGO MONETARIO<\/p>\n<p>1. Se elimina la inmunidad para los miembros de la Junta de Pol\u00edtica y Regulaci\u00f3n Monetaria y Financiera y se determina que deber\u00e1n responder por sus actos. Adem\u00e1s se incrementan sus funciones.<\/p>\n<p>2. Se ratifica que el dinero electr\u00f3nico deber\u00e1 contar con el respaldo de activos l\u00edquidos del Banco Central para su emisi\u00f3n.<br \/>\n3. Las cooperativas que no pertenezcan al segmento 1 podr\u00e1n tener actividades m\u00faltiples no financieras, siempre que est\u00e9n vinculadas al desarrollo territorial y mantengan contabilidades separadas.<\/p>\n<p>4. La estructura del Banco del Instituto Ecuatoriano de Seguridad Social (Biess), incluido su Directorio se mantendr\u00e1. En cuanto al IESS, se estableci\u00f3 una disposici\u00f3n para fijar una cantidad de pago, incluyendo intereses.<\/p>\n<p>5. Solca seguir\u00e1 recibiendo los recursos asignados en el presupuesto general del Estado, con transferencias trimestrales.<\/p>\n","protected":false},"excerpt":{"rendered":"<p>El segundo debate del proyecto de C\u00f3digo Monetario y Financiero se convoc\u00f3 para hoy a las 09:30 en la Asamblea<\/p>\n","protected":false},"author":1,"featured_media":0,"comment_status":"open","ping_status":"open","sticky":false,"template":"","format":"standard","meta":{"footnotes":""},"categories":[1],"tags":[],"_links":{"self":[{"href":"https:\/\/www.ecuadoraldia.com.ec\/index.php?rest_route=\/wp\/v2\/posts\/3635"}],"collection":[{"href":"https:\/\/www.ecuadoraldia.com.ec\/index.php?rest_route=\/wp\/v2\/posts"}],"about":[{"href":"https:\/\/www.ecuadoraldia.com.ec\/index.php?rest_route=\/wp\/v2\/types\/post"}],"author":[{"embeddable":true,"href":"https:\/\/www.ecuadoraldia.com.ec\/index.php?rest_route=\/wp\/v2\/users\/1"}],"replies":[{"embeddable":true,"href":"https:\/\/www.ecuadoraldia.com.ec\/index.php?rest_route=%2Fwp%2Fv2%2Fcomments&post=3635"}],"version-history":[{"count":1,"href":"https:\/\/www.ecuadoraldia.com.ec\/index.php?rest_route=\/wp\/v2\/posts\/3635\/revisions"}],"predecessor-version":[{"id":3637,"href":"https:\/\/www.ecuadoraldia.com.ec\/index.php?rest_route=\/wp\/v2\/posts\/3635\/revisions\/3637"}],"wp:attachment":[{"href":"https:\/\/www.ecuadoraldia.com.ec\/index.php?rest_route=%2Fwp%2Fv2%2Fmedia&parent=3635"}],"wp:term":[{"taxonomy":"category","embeddable":true,"href":"https:\/\/www.ecuadoraldia.com.ec\/index.php?rest_route=%2Fwp%2Fv2%2Fcategories&post=3635"},{"taxonomy":"post_tag","embeddable":true,"href":"https:\/\/www.ecuadoraldia.com.ec\/index.php?rest_route=%2Fwp%2Fv2%2Ftags&post=3635"}],"curies":[{"name":"wp","href":"https:\/\/api.w.org\/{rel}","templated":true}]}}