{"id":3639,"date":"2014-07-22T20:09:32","date_gmt":"2014-07-22T20:09:32","guid":{"rendered":"http:\/\/www.ecuadoraldia.com.ec\/?p=3639"},"modified":"2014-07-22T20:09:32","modified_gmt":"2014-07-22T20:09:32","slug":"policia-detiene-a-carlos-figueroa","status":"publish","type":"post","link":"https:\/\/www.ecuadoraldia.com.ec\/?p=3639","title":{"rendered":"Polic\u00eda detiene a Carlos Figueroa"},"content":{"rendered":"<p><a href=\"http:\/\/www.ecuadoraldia.com.ec\/wp-content\/uploads\/2014\/07\/figueroa.jpg\"><img loading=\"lazy\" decoding=\"async\" class=\"alignleft size-medium wp-image-3640\" alt=\"figueroa\" src=\"http:\/\/www.ecuadoraldia.com.ec\/wp-content\/uploads\/2014\/07\/figueroa-300x198.jpg\" width=\"300\" height=\"198\" srcset=\"https:\/\/www.ecuadoraldia.com.ec\/wp-content\/uploads\/2014\/07\/figueroa-300x198.jpg 300w, https:\/\/www.ecuadoraldia.com.ec\/wp-content\/uploads\/2014\/07\/figueroa.jpg 450w\" sizes=\"(max-width: 300px) 100vw, 300px\" \/><\/a>Carlos Figueroa, asesor del exasamble\u00edsta Cl\u00e9ver Jim\u00e9nez, sentenciado a 6 meses de prisi\u00f3n por delito injurias en contra del presidente Rafael Correa, fue detenido hoy en la capital seg\u00fan anunci\u00f3 el Ministerio del Interior en su cuenta Twitter @MinInteriorEc<\/p>\n<p>La detenci\u00f3n se dio al norte de Quito seg\u00fan detall\u00f3 en la red social esta cartera de Estado<\/p>\n<p>Jim\u00e9nez, Figueroa y Fernando\u00a0 Villavicencio fueron sentenciados a 18 meses de prisi\u00f3n por el delito de calumnia judicial en contra del Jefe de Estado<\/p>\n<p>El pasado mes de abril, el CNE resolvi\u00f3 eliminar de Registro Electoral a Cl\u00e9ver Jim\u00e9nez, Carlos Figueroa y Fernando Villavicencio por el delito de injurias.<\/p>\n<p>El Pleno del Consejo Nacional Electoral (CNE) acogi\u00f3 este mi\u00e9rcoles 30 de abril la resoluci\u00f3n de la Coordinadora General de Asesor\u00eda Jur\u00eddica, en cuanto a la p\u00e9rdida de derechos pol\u00edticos o de participaci\u00f3n de Jos\u00e9 Cl\u00e9ver Jim\u00e9nez Cabrera, Carlos Eduardo Figueroa Figueroa y Fernando Alcibiades Villavicencio Valencia, por tener sentencia ejecutoriada en firme, inform\u00f3 el organismo electoral en un comunicado.<\/p>\n<p>De acuerdo al art\u00edculo 64 de la Carta Magna y 14 de la Ley Org\u00e1nica Electoral y Organizaciones Pol\u00edticas del C\u00f3digo de la Democracia, \u201cel goce de los derechos pol\u00edticos o de participaci\u00f3n se suspender\u00e1 cuando el ciudadano o ciudadana tenga una sentencia ejecutoriada que sancione con pena privativa de libertad, mientras esta subsista\u201d. Ante esto, se dispuso que se elimine de la base de datos del Registro Electoral a los tres ciudadanos.<\/p>\n<p>Jim\u00e9nez, Figueroa y Villavicencio fueron sentenciados a 18 meses de prisi\u00f3n por el delito de calumnia judicial en contra del Presidente de la Rep\u00fablica, Rafael Correa Delgado.<\/p>\n","protected":false},"excerpt":{"rendered":"<p>Carlos Figueroa, asesor del exasamble\u00edsta Cl\u00e9ver Jim\u00e9nez, sentenciado a 6 meses de prisi\u00f3n por delito injurias en contra del presidente<\/p>\n","protected":false},"author":1,"featured_media":0,"comment_status":"open","ping_status":"open","sticky":false,"template":"","format":"standard","meta":{"footnotes":""},"categories":[1],"tags":[],"_links":{"self":[{"href":"https:\/\/www.ecuadoraldia.com.ec\/index.php?rest_route=\/wp\/v2\/posts\/3639"}],"collection":[{"href":"https:\/\/www.ecuadoraldia.com.ec\/index.php?rest_route=\/wp\/v2\/posts"}],"about":[{"href":"https:\/\/www.ecuadoraldia.com.ec\/index.php?rest_route=\/wp\/v2\/types\/post"}],"author":[{"embeddable":true,"href":"https:\/\/www.ecuadoraldia.com.ec\/index.php?rest_route=\/wp\/v2\/users\/1"}],"replies":[{"embeddable":true,"href":"https:\/\/www.ecuadoraldia.com.ec\/index.php?rest_route=%2Fwp%2Fv2%2Fcomments&post=3639"}],"version-history":[{"count":1,"href":"https:\/\/www.ecuadoraldia.com.ec\/index.php?rest_route=\/wp\/v2\/posts\/3639\/revisions"}],"predecessor-version":[{"id":3641,"href":"https:\/\/www.ecuadoraldia.com.ec\/index.php?rest_route=\/wp\/v2\/posts\/3639\/revisions\/3641"}],"wp:attachment":[{"href":"https:\/\/www.ecuadoraldia.com.ec\/index.php?rest_route=%2Fwp%2Fv2%2Fmedia&parent=3639"}],"wp:term":[{"taxonomy":"category","embeddable":true,"href":"https:\/\/www.ecuadoraldia.com.ec\/index.php?rest_route=%2Fwp%2Fv2%2Fcategories&post=3639"},{"taxonomy":"post_tag","embeddable":true,"href":"https:\/\/www.ecuadoraldia.com.ec\/index.php?rest_route=%2Fwp%2Fv2%2Ftags&post=3639"}],"curies":[{"name":"wp","href":"https:\/\/api.w.org\/{rel}","templated":true}]}}